{"id":68663,"date":"2025-01-24T15:49:01","date_gmt":"2025-01-24T15:49:01","guid":{"rendered":"https:\/\/sertv.gob.pa\/crisolfm\/?p=68663"},"modified":"2025-01-24T15:49:01","modified_gmt":"2025-01-24T15:49:01","slug":"iendi-impulsa-la-lucha-contra-la-depresion-a-traves-de-la-docencia","status":"publish","type":"post","link":"https:\/\/sertv.gob.pa\/crisolfm\/iendi-impulsa-la-lucha-contra-la-depresion-a-traves-de-la-docencia\/","title":{"rendered":"IENDI impulsa la lucha contra la depresi\u00f3n a trav\u00e9s de la docencia"},"content":{"rendered":"<p><em><strong>El Instituto de Neurodesarrollo Integral (IENDI) reafirma su compromiso con la salud mental al llevar a cabo este jueves, 23 de enero,\u00a0 una docencia sobre la lucha contra la depresi\u00f3n, impartida por la destacada especialista Dra. Caridad de Alfaro.<\/strong><\/em><\/p>\n<p><strong>Durante su intervenci\u00f3n, la Dra. de Alfaro, destac\u00f3 que, la depresi\u00f3n ha escalado hasta convertirse en un problema de salud p\u00fablica, afectando significativamente a la poblaci\u00f3n infantil, juvenil y adulta en Panam\u00e1. \u201cLa depresi\u00f3n, es una patolog\u00eda que, si aprendemos a identificar y abordar de manera oportuna, podemos tratar eficazmente para mejorar la calidad de vida de las personas afectadas. Esto incluye su vida personal, social y profesional, logrando que sean m\u00e1s productivos y funcionales en todos los aspectos de su vida\u201d, se\u00f1al\u00f3.<\/strong><\/p>\n<p><strong>La especialista, hizo \u00e9nfasis en la importancia de la detecci\u00f3n temprana y el trabajo conjunto entre las familias, las escuelas y la comunidad en general. Asimismo, subray\u00f3 que, el 13 de enero, se conmemora el D\u00eda Mundial de la Lucha contra la Depresi\u00f3n, record\u00e1ndonos que todos debemos alinear esfuerzos para fortalecer el pilar fundamental de la sociedad: las familias paname\u00f1as.<\/strong><\/p>\n<p><strong>Con este tipo de iniciativas, el IENDI, refuerza su misi\u00f3n de generar conciencia y ofrecer herramientas pr\u00e1cticas para afrontar los desaf\u00edos relacionados con la salud mental, especialmente en el contexto del neurodesarrollo.<\/strong><\/p>\n<p>&nbsp;<\/p>\n<p>Fuente: MINSA<\/p>\n","protected":false},"excerpt":{"rendered":"<p>El Instituto de Neurodesarrollo Integral (IENDI) reafirma su compromiso con <a href=\"https:\/\/sertv.gob.pa\/crisolfm\/iendi-impulsa-la-lucha-contra-la-depresion-a-traves-de-la-docencia\/\"> [&#8230;]<\/a><\/p>\n","protected":false},"author":9,"featured_media":68664,"comment_status":"closed","ping_status":"closed","sticky":false,"template":"","format":"standard","meta":{"footnotes":""},"categories":[14],"tags":[],"class_list":["post-68663","post","type-post","status-publish","format-standard","has-post-thumbnail","hentry","category-salud"],"_links":{"self":[{"href":"https:\/\/sertv.gob.pa\/crisolfm\/wp-json\/wp\/v2\/posts\/68663","targetHints":{"allow":["GET"]}}],"collection":[{"href":"https:\/\/sertv.gob.pa\/crisolfm\/wp-json\/wp\/v2\/posts"}],"about":[{"href":"https:\/\/sertv.gob.pa\/crisolfm\/wp-json\/wp\/v2\/types\/post"}],"author":[{"embeddable":true,"href":"https:\/\/sertv.gob.pa\/crisolfm\/wp-json\/wp\/v2\/users\/9"}],"replies":[{"embeddable":true,"href":"https:\/\/sertv.gob.pa\/crisolfm\/wp-json\/wp\/v2\/comments?post=68663"}],"version-history":[{"count":1,"href":"https:\/\/sertv.gob.pa\/crisolfm\/wp-json\/wp\/v2\/posts\/68663\/revisions"}],"predecessor-version":[{"id":68665,"href":"https:\/\/sertv.gob.pa\/crisolfm\/wp-json\/wp\/v2\/posts\/68663\/revisions\/68665"}],"wp:featuredmedia":[{"embeddable":true,"href":"https:\/\/sertv.gob.pa\/crisolfm\/wp-json\/wp\/v2\/media\/68664"}],"wp:attachment":[{"href":"https:\/\/sertv.gob.pa\/crisolfm\/wp-json\/wp\/v2\/media?parent=68663"}],"wp:term":[{"taxonomy":"category","embeddable":true,"href":"https:\/\/sertv.gob.pa\/crisolfm\/wp-json\/wp\/v2\/categories?post=68663"},{"taxonomy":"post_tag","embeddable":true,"href":"https:\/\/sertv.gob.pa\/crisolfm\/wp-json\/wp\/v2\/tags?post=68663"}],"curies":[{"name":"wp","href":"https:\/\/api.w.org\/{rel}","templated":true}]}}