{"id":68668,"date":"2025-01-24T16:48:49","date_gmt":"2025-01-24T16:48:49","guid":{"rendered":"https:\/\/sertv.gob.pa\/crisolfm\/?p=68668"},"modified":"2025-01-24T16:48:49","modified_gmt":"2025-01-24T16:48:49","slug":"la-bipolaridad-no-siempre-tiene-como-sus-causas-los-problemas-mentales-puede-deberse-a-otros-padecimientos-biologicos","status":"publish","type":"post","link":"https:\/\/sertv.gob.pa\/crisolfm\/la-bipolaridad-no-siempre-tiene-como-sus-causas-los-problemas-mentales-puede-deberse-a-otros-padecimientos-biologicos\/","title":{"rendered":"La bipolaridad no siempre tiene como sus causas los problemas mentales, puede deberse a otros padecimientos biol\u00f3gicos"},"content":{"rendered":"<p><em><strong>El psic\u00f3logo Rafael Guardia, de la policl\u00ednica \u201cDr. Manuel de Jes\u00fas Rojas\u201d de Aguadulce, explic\u00f3 que, la bipolaridad se caracteriza por una modificaci\u00f3n constante y persistente en el estado de \u00e1nimo, en el humor, en la afectividad social y personal del individuo y sobre c\u00f3mo se percibe hac\u00eda los dem\u00e1s.<\/strong><\/em><\/p>\n<p><strong>Tambi\u00e9n tiene relaci\u00f3n con caracter\u00edsticas diagn\u00f3sticas que se deben completar en el cuadro cl\u00ednico.<\/strong><\/p>\n<p><strong>El procedimiento est\u00e1ndar, es descartar el cambio en el estado de humor por la aparici\u00f3n de alg\u00fan tipo de enfermedad o diagn\u00f3stico biol\u00f3gico como: los problemas relacionados con el hipotiroidismo, bocio o en las mujeres en el proceso de la menopausia.<\/strong><\/p>\n<p><strong>\u201cHay que hacer descartes biol\u00f3gicos para hacer \u00e9nfasis en la parte psicol\u00f3gica\u201d mencion\u00f3.<\/strong><\/p>\n<p style=\"text-align: left\"><strong>Generalmente la bipolaridad aparece en la etapa de la adolescencia, despu\u00e9s de forjar la personalidad. Las constancias de los cambios del \u00e1nimo se marcan en el aspecto laboral, en los estudios, en c\u00f3mo se proyecta ante la sociedad.<\/strong><\/p>\n<p><strong>Los cambios emocionales significativos, afectivos, psicosociales, se pueden identificar ya que son repentinos y prolongados desde una semana hasta los 15 d\u00edas.<\/strong><\/p>\n<p><strong>Dentro de los estudios de psicolog\u00eda y psiquiatr\u00eda no hay una base que se\u00f1ale la bipolaridad como hereditaria, pero si es una constancia en el historial familiar hasta la cuarta l\u00ednea sangu\u00ednea en la que existe correlaci\u00f3n, detall\u00f3 el psic\u00f3logo de la policl\u00ednica de Aguadulce perteneciente a la Caja de Seguro Social.<\/strong><\/p>\n<p><strong>El \u00e9xito de la atenci\u00f3n de los problemas relacionados con la bipolaridad est\u00e1n en la configuraci\u00f3n: psiquiatr\u00eda-psicolog\u00eda, con psicofarmacolog\u00eda donde se utilizan ansiol\u00edticos, sedantes y relajantes, complement\u00e1ndose con terapia conductual, individual y familiar, dependiendo de la evoluci\u00f3n del mismo.<\/strong><\/p>\n<p><strong>La bipolaridad es controlable y la persona vive una vida plena siempre y cuando siga el tratamiento ofrecido por psiquiatr\u00eda y psicolog\u00eda.<\/strong><\/p>\n<p>&nbsp;<\/p>\n<p>Fuente: CSS<\/p>\n","protected":false},"excerpt":{"rendered":"<p>El psic\u00f3logo Rafael Guardia, de la policl\u00ednica \u201cDr. Manuel de <a href=\"https:\/\/sertv.gob.pa\/crisolfm\/la-bipolaridad-no-siempre-tiene-como-sus-causas-los-problemas-mentales-puede-deberse-a-otros-padecimientos-biologicos\/\"> [&#8230;]<\/a><\/p>\n","protected":false},"author":9,"featured_media":68669,"comment_status":"closed","ping_status":"closed","sticky":false,"template":"","format":"standard","meta":{"footnotes":""},"categories":[14],"tags":[],"class_list":["post-68668","post","type-post","status-publish","format-standard","has-post-thumbnail","hentry","category-salud"],"_links":{"self":[{"href":"https:\/\/sertv.gob.pa\/crisolfm\/wp-json\/wp\/v2\/posts\/68668","targetHints":{"allow":["GET"]}}],"collection":[{"href":"https:\/\/sertv.gob.pa\/crisolfm\/wp-json\/wp\/v2\/posts"}],"about":[{"href":"https:\/\/sertv.gob.pa\/crisolfm\/wp-json\/wp\/v2\/types\/post"}],"author":[{"embeddable":true,"href":"https:\/\/sertv.gob.pa\/crisolfm\/wp-json\/wp\/v2\/users\/9"}],"replies":[{"embeddable":true,"href":"https:\/\/sertv.gob.pa\/crisolfm\/wp-json\/wp\/v2\/comments?post=68668"}],"version-history":[{"count":1,"href":"https:\/\/sertv.gob.pa\/crisolfm\/wp-json\/wp\/v2\/posts\/68668\/revisions"}],"predecessor-version":[{"id":68670,"href":"https:\/\/sertv.gob.pa\/crisolfm\/wp-json\/wp\/v2\/posts\/68668\/revisions\/68670"}],"wp:featuredmedia":[{"embeddable":true,"href":"https:\/\/sertv.gob.pa\/crisolfm\/wp-json\/wp\/v2\/media\/68669"}],"wp:attachment":[{"href":"https:\/\/sertv.gob.pa\/crisolfm\/wp-json\/wp\/v2\/media?parent=68668"}],"wp:term":[{"taxonomy":"category","embeddable":true,"href":"https:\/\/sertv.gob.pa\/crisolfm\/wp-json\/wp\/v2\/categories?post=68668"},{"taxonomy":"post_tag","embeddable":true,"href":"https:\/\/sertv.gob.pa\/crisolfm\/wp-json\/wp\/v2\/tags?post=68668"}],"curies":[{"name":"wp","href":"https:\/\/api.w.org\/{rel}","templated":true}]}}