{"id":6875,"date":"2016-12-01T16:06:49","date_gmt":"2016-12-01T16:06:49","guid":{"rendered":""},"modified":"2016-12-01T16:06:49","modified_gmt":"2016-12-01T16:06:49","slug":"oso-de-anteojos-peruano-captado-con-camaras-trampa","status":"publish","type":"post","link":"https:\/\/sertv.gob.pa\/crisolfm\/oso-de-anteojos-peruano-captado-con-camaras-trampa\/","title":{"rendered":"Oso de anteojos peruano captado con c\u00e1maras trampa"},"content":{"rendered":"<p>\nUn oso de anteojos fue captado por primera vez, con el uso de c\u00e1maras trampa, en el Parque Nacional del R\u00edo Abiseo, en la regi\u00f3n amaz\u00f3nica peruana de San Mart\u00edn, dio a conocer este mi\u00e9rcoles el Servicio Nacional de \u00c1reas Naturales Protegidas. <\/p>\n<p>\u00a0Las c\u00e1maras permitieron obtener el primer registro fotogr\u00e1fico en esta \u00e1rea natural de esta especie de gran importancia cultural para las regiones andinas y amaz\u00f3nicas del Per\u00fa. <\/p>\n","protected":false},"excerpt":{"rendered":"<p>Un oso de anteojos fue captado por primera vez, con <a href=\"https:\/\/sertv.gob.pa\/crisolfm\/oso-de-anteojos-peruano-captado-con-camaras-trampa\/\"> [&#8230;]<\/a><\/p>\n","protected":false},"author":1,"featured_media":6876,"comment_status":"closed","ping_status":"closed","sticky":false,"template":"","format":"standard","meta":{"footnotes":""},"categories":[7],"tags":[],"class_list":["post-6875","post","type-post","status-publish","format-standard","has-post-thumbnail","hentry","category-ecologicas"],"_links":{"self":[{"href":"https:\/\/sertv.gob.pa\/crisolfm\/wp-json\/wp\/v2\/posts\/6875","targetHints":{"allow":["GET"]}}],"collection":[{"href":"https:\/\/sertv.gob.pa\/crisolfm\/wp-json\/wp\/v2\/posts"}],"about":[{"href":"https:\/\/sertv.gob.pa\/crisolfm\/wp-json\/wp\/v2\/types\/post"}],"author":[{"embeddable":true,"href":"https:\/\/sertv.gob.pa\/crisolfm\/wp-json\/wp\/v2\/users\/1"}],"replies":[{"embeddable":true,"href":"https:\/\/sertv.gob.pa\/crisolfm\/wp-json\/wp\/v2\/comments?post=6875"}],"version-history":[{"count":0,"href":"https:\/\/sertv.gob.pa\/crisolfm\/wp-json\/wp\/v2\/posts\/6875\/revisions"}],"wp:featuredmedia":[{"embeddable":true,"href":"https:\/\/sertv.gob.pa\/crisolfm\/wp-json\/wp\/v2\/media\/6876"}],"wp:attachment":[{"href":"https:\/\/sertv.gob.pa\/crisolfm\/wp-json\/wp\/v2\/media?parent=6875"}],"wp:term":[{"taxonomy":"category","embeddable":true,"href":"https:\/\/sertv.gob.pa\/crisolfm\/wp-json\/wp\/v2\/categories?post=6875"},{"taxonomy":"post_tag","embeddable":true,"href":"https:\/\/sertv.gob.pa\/crisolfm\/wp-json\/wp\/v2\/tags?post=6875"}],"curies":[{"name":"wp","href":"https:\/\/api.w.org\/{rel}","templated":true}]}}