{"id":68767,"date":"2025-01-28T14:09:21","date_gmt":"2025-01-28T14:09:21","guid":{"rendered":"https:\/\/sertv.gob.pa\/crisolfm\/?p=68767"},"modified":"2025-01-28T14:09:21","modified_gmt":"2025-01-28T14:09:21","slug":"presidente-mulino-se-reune-con-el-consejo-nacional-de-relaciones-exteriores","status":"publish","type":"post","link":"https:\/\/sertv.gob.pa\/crisolfm\/presidente-mulino-se-reune-con-el-consejo-nacional-de-relaciones-exteriores\/","title":{"rendered":"Presidente Mulino se re\u00fane con el Consejo Nacional de Relaciones Exteriores"},"content":{"rendered":"<div class=\"fusion-fullwidth fullwidth-box fusion-builder-row-1 fusion-flex-container has-pattern-background has-mask-background nonhundred-percent-fullwidth non-hundred-percent-height-scrolling\" style=\"--awb-border-radius-top-left:0px;--awb-border-radius-top-right:0px;--awb-border-radius-bottom-right:0px;--awb-border-radius-bottom-left:0px;--awb-flex-wrap:wrap;\" ><div class=\"fusion-builder-row fusion-row fusion-flex-align-items-flex-start fusion-flex-content-wrap\" style=\"max-width:1144px;margin-left: calc(-4% \/ 2 );margin-right: calc(-4% \/ 2 );\"><div class=\"fusion-layout-column fusion_builder_column fusion-builder-column-0 fusion_builder_column_1_1 1_1 fusion-flex-column\" style=\"--awb-bg-size:cover;--awb-width-large:100%;--awb-margin-top-large:0px;--awb-spacing-right-large:1.92%;--awb-margin-bottom-large:20px;--awb-spacing-left-large:1.92%;--awb-width-medium:100%;--awb-order-medium:0;--awb-spacing-right-medium:1.92%;--awb-spacing-left-medium:1.92%;--awb-width-small:100%;--awb-order-small:0;--awb-spacing-right-small:1.92%;--awb-spacing-left-small:1.92%;\"><div class=\"fusion-column-wrapper fusion-column-has-shadow fusion-flex-justify-content-flex-start fusion-content-layout-column\"><div class=\"fusion-text fusion-text-1\" style=\"--awb-content-alignment:justify;\"><p><strong>El presidente de la Rep\u00fablica de Panam\u00e1, Jos\u00e9 Ra\u00fal Mulino, se reuni\u00f3 -este lunes, 27 de enero- con los miembros que integran el Consejo Nacional de Relaciones Exteriores y con los embajadores de la Organizaci\u00f3n de las Naciones Unidas, OEA y el embajador de Panam\u00e1 en Washington, Ana Irene Delgado, Eloy Alfaro y Jos\u00e9 Miguel Alem\u00e1n.<\/strong><\/p>\n<p><strong>En el encuentro con este consejo, ente encargado de asesorar al Gobierno Central en materia internacional, tambi\u00e9n asistieron el expresidente Aristides Royo y Adolfo Ahumada, destacados paname\u00f1os quienes participaron en la negociaci\u00f3n del Tratado Torrijos-Carter y del Tratado de Neutralidad.<\/strong><\/p>\n<p><strong>Durante la reuni\u00f3n, se analizaron temas como: la administraci\u00f3n del Canal de Panam\u00e1 y la migraci\u00f3n por el Dari\u00e9n.<\/strong><\/p>\n<p><strong>\u201cEl canal, es administrado de manera eficiente por manos paname\u00f1as y la crisis en Dari\u00e9n ha sido estabilizada\u201d, inform\u00f3 el presidente Mulino.<\/strong><\/p>\n<p><strong>Tambi\u00e9n estuvieron los ministros, Juan Carlos Orillac, Felipe Chapman y Jos\u00e9 Ram\u00f3n Icaza, de la Presidencia, Econom\u00eda y Finanzas, y Asuntos del Canal, respectivamente.<\/strong><\/p>\n<p><strong>El Consejo de Relaciones Exteriores lo integran: Carlos Cordero, An\u00edbal Galindo, Enrique Illueca, H\u00e9ctor Infante, Carlos Moreno; la expresidenta de la Rep\u00fablica Mireya Moscoso, Dovi Eisenmann Salzer, Omar Ja\u00e9n Su\u00e1rez, Jorge Vallarino y Alberto Alem\u00e1n Zubieta.<\/strong><\/p>\n<p>Fuente: Presidencia de la Rep\u00fablica de Panam\u00e1<\/p>\n<\/div><div class=\"awb-gallery-wrapper awb-gallery-wrapper-1 button-span-no\" style=\"--more-btn-alignment:center;\"><div style=\"margin:-5px;--awb-bordersize:0px;\" class=\"fusion-gallery fusion-gallery-container fusion-grid-3 fusion-columns-total-9 fusion-gallery-layout-grid fusion-gallery-1\"><div style=\"padding:5px;\" class=\"fusion-grid-column fusion-gallery-column fusion-gallery-column-3 hover-type-none\"><div class=\"fusion-gallery-image\"><a href=\"https:\/\/sertv.gob.pa\/crisolfm\/wp-content\/uploads\/sites\/2\/2025\/01\/PRESIDENTE-MULINO-Y-CONSEJO-2.jpg\" rel=\"noreferrer\" data-rel=\"iLightbox[gallery_image_1]\" class=\"fusion-lightbox\" target=\"_self\"><img decoding=\"async\" src=\"https:\/\/sertv.gob.pa\/crisolfm\/wp-content\/uploads\/sites\/2\/2025\/01\/PRESIDENTE-MULINO-Y-CONSEJO-2.jpg\" width=\"600\" height=\"400\" alt=\"\" title=\"PRESIDENTE MULINO Y CONSEJO 2\" aria-label=\"PRESIDENTE MULINO Y CONSEJO 2\" class=\"img-responsive wp-image-68769\" srcset=\"https:\/\/sertv.gob.pa\/crisolfm\/wp-content\/uploads\/sites\/2\/2025\/01\/PRESIDENTE-MULINO-Y-CONSEJO-2-200x133.jpg 200w, https:\/\/sertv.gob.pa\/crisolfm\/wp-content\/uploads\/sites\/2\/2025\/01\/PRESIDENTE-MULINO-Y-CONSEJO-2-400x267.jpg 400w, https:\/\/sertv.gob.pa\/crisolfm\/wp-content\/uploads\/sites\/2\/2025\/01\/PRESIDENTE-MULINO-Y-CONSEJO-2.jpg 600w\" sizes=\"(min-width: 2200px) 100vw, (min-width: 784px) 363px, (min-width: 712px) 545px, (min-width: 640px) 712px, \" \/><\/a><\/div><\/div><div style=\"padding:5px;\" class=\"fusion-grid-column fusion-gallery-column fusion-gallery-column-3 hover-type-none\"><div class=\"fusion-gallery-image\"><a href=\"https:\/\/sertv.gob.pa\/crisolfm\/wp-content\/uploads\/sites\/2\/2025\/01\/PRESIDENTE-MULINO-Y-CONSEJO-3.jpg\" rel=\"noreferrer\" data-rel=\"iLightbox[gallery_image_1]\" class=\"fusion-lightbox\" target=\"_self\"><img decoding=\"async\" src=\"https:\/\/sertv.gob.pa\/crisolfm\/wp-content\/uploads\/sites\/2\/2025\/01\/PRESIDENTE-MULINO-Y-CONSEJO-3.jpg\" width=\"600\" height=\"400\" alt=\"\" title=\"PRESIDENTE MULINO Y CONSEJO 3\" aria-label=\"PRESIDENTE MULINO Y CONSEJO 3\" class=\"img-responsive wp-image-68770\" srcset=\"https:\/\/sertv.gob.pa\/crisolfm\/wp-content\/uploads\/sites\/2\/2025\/01\/PRESIDENTE-MULINO-Y-CONSEJO-3-200x133.jpg 200w, https:\/\/sertv.gob.pa\/crisolfm\/wp-content\/uploads\/sites\/2\/2025\/01\/PRESIDENTE-MULINO-Y-CONSEJO-3-400x267.jpg 400w, https:\/\/sertv.gob.pa\/crisolfm\/wp-content\/uploads\/sites\/2\/2025\/01\/PRESIDENTE-MULINO-Y-CONSEJO-3.jpg 600w\" sizes=\"(min-width: 2200px) 100vw, (min-width: 784px) 363px, (min-width: 712px) 545px, (min-width: 640px) 712px, \" \/><\/a><\/div><\/div><div style=\"padding:5px;\" class=\"fusion-grid-column fusion-gallery-column fusion-gallery-column-3 hover-type-none\"><div class=\"fusion-gallery-image\"><a href=\"https:\/\/sertv.gob.pa\/crisolfm\/wp-content\/uploads\/sites\/2\/2025\/01\/PRESIDENTE-MULINO-Y-CONSEJO-4.jpg\" rel=\"noreferrer\" data-rel=\"iLightbox[gallery_image_1]\" class=\"fusion-lightbox\" target=\"_self\"><img decoding=\"async\" src=\"https:\/\/sertv.gob.pa\/crisolfm\/wp-content\/uploads\/sites\/2\/2025\/01\/PRESIDENTE-MULINO-Y-CONSEJO-4.jpg\" width=\"600\" height=\"400\" alt=\"\" title=\"PRESIDENTE MULINO Y CONSEJO 4\" aria-label=\"PRESIDENTE MULINO Y CONSEJO 4\" class=\"img-responsive wp-image-68771\" srcset=\"https:\/\/sertv.gob.pa\/crisolfm\/wp-content\/uploads\/sites\/2\/2025\/01\/PRESIDENTE-MULINO-Y-CONSEJO-4-200x133.jpg 200w, https:\/\/sertv.gob.pa\/crisolfm\/wp-content\/uploads\/sites\/2\/2025\/01\/PRESIDENTE-MULINO-Y-CONSEJO-4-400x267.jpg 400w, https:\/\/sertv.gob.pa\/crisolfm\/wp-content\/uploads\/sites\/2\/2025\/01\/PRESIDENTE-MULINO-Y-CONSEJO-4.jpg 600w\" sizes=\"(min-width: 2200px) 100vw, (min-width: 784px) 363px, (min-width: 712px) 545px, (min-width: 640px) 712px, \" \/><\/a><\/div><\/div><div class=\"clearfix\"><\/div><div style=\"padding:5px;\" class=\"fusion-grid-column fusion-gallery-column fusion-gallery-column-3 hover-type-none\"><div class=\"fusion-gallery-image\"><a href=\"https:\/\/sertv.gob.pa\/crisolfm\/wp-content\/uploads\/sites\/2\/2025\/01\/PRESIDENTE-MULINO-Y-CONSEJO-5.jpg\" rel=\"noreferrer\" data-rel=\"iLightbox[gallery_image_1]\" class=\"fusion-lightbox\" target=\"_self\"><img decoding=\"async\" src=\"https:\/\/sertv.gob.pa\/crisolfm\/wp-content\/uploads\/sites\/2\/2025\/01\/PRESIDENTE-MULINO-Y-CONSEJO-5.jpg\" width=\"600\" height=\"400\" alt=\"\" title=\"PRESIDENTE MULINO Y CONSEJO 5\" aria-label=\"PRESIDENTE MULINO Y CONSEJO 5\" class=\"img-responsive wp-image-68772\" srcset=\"https:\/\/sertv.gob.pa\/crisolfm\/wp-content\/uploads\/sites\/2\/2025\/01\/PRESIDENTE-MULINO-Y-CONSEJO-5-200x133.jpg 200w, https:\/\/sertv.gob.pa\/crisolfm\/wp-content\/uploads\/sites\/2\/2025\/01\/PRESIDENTE-MULINO-Y-CONSEJO-5-400x267.jpg 400w, https:\/\/sertv.gob.pa\/crisolfm\/wp-content\/uploads\/sites\/2\/2025\/01\/PRESIDENTE-MULINO-Y-CONSEJO-5.jpg 600w\" sizes=\"(min-width: 2200px) 100vw, (min-width: 784px) 363px, (min-width: 712px) 545px, (min-width: 640px) 712px, \" \/><\/a><\/div><\/div><div style=\"padding:5px;\" class=\"fusion-grid-column fusion-gallery-column fusion-gallery-column-3 hover-type-none\"><div class=\"fusion-gallery-image\"><a href=\"https:\/\/sertv.gob.pa\/crisolfm\/wp-content\/uploads\/sites\/2\/2025\/01\/PRESIDENTE-MULINO-Y-CONSEJO-6.jpg\" rel=\"noreferrer\" data-rel=\"iLightbox[gallery_image_1]\" class=\"fusion-lightbox\" target=\"_self\"><img decoding=\"async\" src=\"https:\/\/sertv.gob.pa\/crisolfm\/wp-content\/uploads\/sites\/2\/2025\/01\/PRESIDENTE-MULINO-Y-CONSEJO-6.jpg\" width=\"600\" height=\"400\" alt=\"\" title=\"PRESIDENTE MULINO Y CONSEJO 6\" aria-label=\"PRESIDENTE MULINO Y CONSEJO 6\" class=\"img-responsive wp-image-68773\" srcset=\"https:\/\/sertv.gob.pa\/crisolfm\/wp-content\/uploads\/sites\/2\/2025\/01\/PRESIDENTE-MULINO-Y-CONSEJO-6-200x133.jpg 200w, https:\/\/sertv.gob.pa\/crisolfm\/wp-content\/uploads\/sites\/2\/2025\/01\/PRESIDENTE-MULINO-Y-CONSEJO-6-400x267.jpg 400w, https:\/\/sertv.gob.pa\/crisolfm\/wp-content\/uploads\/sites\/2\/2025\/01\/PRESIDENTE-MULINO-Y-CONSEJO-6.jpg 600w\" sizes=\"(min-width: 2200px) 100vw, (min-width: 784px) 363px, (min-width: 712px) 545px, (min-width: 640px) 712px, \" \/><\/a><\/div><\/div><div style=\"padding:5px;\" class=\"fusion-grid-column fusion-gallery-column fusion-gallery-column-3 hover-type-none\"><div class=\"fusion-gallery-image\"><a href=\"https:\/\/sertv.gob.pa\/crisolfm\/wp-content\/uploads\/sites\/2\/2025\/01\/PRESIDENTE-MULINO-Y-CONSEJO-7.jpg\" rel=\"noreferrer\" data-rel=\"iLightbox[gallery_image_1]\" class=\"fusion-lightbox\" target=\"_self\"><img decoding=\"async\" src=\"https:\/\/sertv.gob.pa\/crisolfm\/wp-content\/uploads\/sites\/2\/2025\/01\/PRESIDENTE-MULINO-Y-CONSEJO-7.jpg\" width=\"600\" height=\"400\" alt=\"\" title=\"PRESIDENTE MULINO Y CONSEJO 7\" aria-label=\"PRESIDENTE MULINO Y CONSEJO 7\" class=\"img-responsive wp-image-68774\" srcset=\"https:\/\/sertv.gob.pa\/crisolfm\/wp-content\/uploads\/sites\/2\/2025\/01\/PRESIDENTE-MULINO-Y-CONSEJO-7-200x133.jpg 200w, https:\/\/sertv.gob.pa\/crisolfm\/wp-content\/uploads\/sites\/2\/2025\/01\/PRESIDENTE-MULINO-Y-CONSEJO-7-400x267.jpg 400w, https:\/\/sertv.gob.pa\/crisolfm\/wp-content\/uploads\/sites\/2\/2025\/01\/PRESIDENTE-MULINO-Y-CONSEJO-7.jpg 600w\" sizes=\"(min-width: 2200px) 100vw, (min-width: 784px) 363px, (min-width: 712px) 545px, (min-width: 640px) 712px, \" \/><\/a><\/div><\/div><div class=\"clearfix\"><\/div><div style=\"padding:5px;\" class=\"fusion-grid-column fusion-gallery-column fusion-gallery-column-3 hover-type-none\"><div class=\"fusion-gallery-image\"><a href=\"https:\/\/sertv.gob.pa\/crisolfm\/wp-content\/uploads\/sites\/2\/2025\/01\/PRESIDENTE-MULINO-Y-CONSEJO-8.jpg\" rel=\"noreferrer\" data-rel=\"iLightbox[gallery_image_1]\" class=\"fusion-lightbox\" target=\"_self\"><img decoding=\"async\" src=\"https:\/\/sertv.gob.pa\/crisolfm\/wp-content\/uploads\/sites\/2\/2025\/01\/PRESIDENTE-MULINO-Y-CONSEJO-8.jpg\" width=\"600\" height=\"400\" alt=\"\" title=\"PRESIDENTE MULINO Y CONSEJO 8\" aria-label=\"PRESIDENTE MULINO Y CONSEJO 8\" class=\"img-responsive wp-image-68775\" srcset=\"https:\/\/sertv.gob.pa\/crisolfm\/wp-content\/uploads\/sites\/2\/2025\/01\/PRESIDENTE-MULINO-Y-CONSEJO-8-200x133.jpg 200w, https:\/\/sertv.gob.pa\/crisolfm\/wp-content\/uploads\/sites\/2\/2025\/01\/PRESIDENTE-MULINO-Y-CONSEJO-8-400x267.jpg 400w, https:\/\/sertv.gob.pa\/crisolfm\/wp-content\/uploads\/sites\/2\/2025\/01\/PRESIDENTE-MULINO-Y-CONSEJO-8.jpg 600w\" sizes=\"(min-width: 2200px) 100vw, (min-width: 784px) 363px, (min-width: 712px) 545px, (min-width: 640px) 712px, \" \/><\/a><\/div><\/div><div style=\"padding:5px;\" class=\"fusion-grid-column fusion-gallery-column fusion-gallery-column-3 hover-type-none\"><div class=\"fusion-gallery-image\"><a href=\"https:\/\/sertv.gob.pa\/crisolfm\/wp-content\/uploads\/sites\/2\/2025\/01\/PRESIDENTE-MULINO-Y-CONSEJO-9.jpg\" rel=\"noreferrer\" data-rel=\"iLightbox[gallery_image_1]\" class=\"fusion-lightbox\" target=\"_self\"><img decoding=\"async\" src=\"https:\/\/sertv.gob.pa\/crisolfm\/wp-content\/uploads\/sites\/2\/2025\/01\/PRESIDENTE-MULINO-Y-CONSEJO-9.jpg\" width=\"600\" height=\"400\" alt=\"\" title=\"PRESIDENTE MULINO Y CONSEJO 9\" aria-label=\"PRESIDENTE MULINO Y CONSEJO 9\" class=\"img-responsive wp-image-68776\" srcset=\"https:\/\/sertv.gob.pa\/crisolfm\/wp-content\/uploads\/sites\/2\/2025\/01\/PRESIDENTE-MULINO-Y-CONSEJO-9-200x133.jpg 200w, https:\/\/sertv.gob.pa\/crisolfm\/wp-content\/uploads\/sites\/2\/2025\/01\/PRESIDENTE-MULINO-Y-CONSEJO-9-400x267.jpg 400w, https:\/\/sertv.gob.pa\/crisolfm\/wp-content\/uploads\/sites\/2\/2025\/01\/PRESIDENTE-MULINO-Y-CONSEJO-9.jpg 600w\" sizes=\"(min-width: 2200px) 100vw, (min-width: 784px) 363px, (min-width: 712px) 545px, (min-width: 640px) 712px, \" \/><\/a><\/div><\/div><div style=\"padding:5px;\" class=\"fusion-grid-column fusion-gallery-column fusion-gallery-column-3 hover-type-none\"><div class=\"fusion-gallery-image\"><a href=\"https:\/\/sertv.gob.pa\/crisolfm\/wp-content\/uploads\/sites\/2\/2025\/01\/PRESIDENTE-MULINO-Y-CONSEJO-10.jpg\" rel=\"noreferrer\" data-rel=\"iLightbox[gallery_image_1]\" class=\"fusion-lightbox\" target=\"_self\"><img decoding=\"async\" src=\"https:\/\/sertv.gob.pa\/crisolfm\/wp-content\/uploads\/sites\/2\/2025\/01\/PRESIDENTE-MULINO-Y-CONSEJO-10.jpg\" width=\"600\" height=\"400\" alt=\"\" title=\"PRESIDENTE MULINO Y CONSEJO 10\" aria-label=\"PRESIDENTE MULINO Y CONSEJO 10\" class=\"img-responsive wp-image-68777\" srcset=\"https:\/\/sertv.gob.pa\/crisolfm\/wp-content\/uploads\/sites\/2\/2025\/01\/PRESIDENTE-MULINO-Y-CONSEJO-10-200x133.jpg 200w, https:\/\/sertv.gob.pa\/crisolfm\/wp-content\/uploads\/sites\/2\/2025\/01\/PRESIDENTE-MULINO-Y-CONSEJO-10-400x267.jpg 400w, https:\/\/sertv.gob.pa\/crisolfm\/wp-content\/uploads\/sites\/2\/2025\/01\/PRESIDENTE-MULINO-Y-CONSEJO-10.jpg 600w\" sizes=\"(min-width: 2200px) 100vw, (min-width: 784px) 363px, (min-width: 712px) 545px, (min-width: 640px) 712px, \" \/><\/a><\/div><\/div><div class=\"clearfix\"><\/div><\/div><\/div><\/div><\/div><\/div><\/div>\n","protected":false},"excerpt":{"rendered":"","protected":false},"author":9,"featured_media":68768,"comment_status":"closed","ping_status":"closed","sticky":false,"template":"","format":"standard","meta":{"footnotes":""},"categories":[12],"tags":[],"class_list":["post-68767","post","type-post","status-publish","format-standard","has-post-thumbnail","hentry","category-nacionales"],"_links":{"self":[{"href":"https:\/\/sertv.gob.pa\/crisolfm\/wp-json\/wp\/v2\/posts\/68767","targetHints":{"allow":["GET"]}}],"collection":[{"href":"https:\/\/sertv.gob.pa\/crisolfm\/wp-json\/wp\/v2\/posts"}],"about":[{"href":"https:\/\/sertv.gob.pa\/crisolfm\/wp-json\/wp\/v2\/types\/post"}],"author":[{"embeddable":true,"href":"https:\/\/sertv.gob.pa\/crisolfm\/wp-json\/wp\/v2\/users\/9"}],"replies":[{"embeddable":true,"href":"https:\/\/sertv.gob.pa\/crisolfm\/wp-json\/wp\/v2\/comments?post=68767"}],"version-history":[{"count":1,"href":"https:\/\/sertv.gob.pa\/crisolfm\/wp-json\/wp\/v2\/posts\/68767\/revisions"}],"predecessor-version":[{"id":68778,"href":"https:\/\/sertv.gob.pa\/crisolfm\/wp-json\/wp\/v2\/posts\/68767\/revisions\/68778"}],"wp:featuredmedia":[{"embeddable":true,"href":"https:\/\/sertv.gob.pa\/crisolfm\/wp-json\/wp\/v2\/media\/68768"}],"wp:attachment":[{"href":"https:\/\/sertv.gob.pa\/crisolfm\/wp-json\/wp\/v2\/media?parent=68767"}],"wp:term":[{"taxonomy":"category","embeddable":true,"href":"https:\/\/sertv.gob.pa\/crisolfm\/wp-json\/wp\/v2\/categories?post=68767"},{"taxonomy":"post_tag","embeddable":true,"href":"https:\/\/sertv.gob.pa\/crisolfm\/wp-json\/wp\/v2\/tags?post=68767"}],"curies":[{"name":"wp","href":"https:\/\/api.w.org\/{rel}","templated":true}]}}