{"id":68782,"date":"2025-01-28T15:18:31","date_gmt":"2025-01-28T15:18:31","guid":{"rendered":"https:\/\/sertv.gob.pa\/crisolfm\/?p=68782"},"modified":"2025-01-28T15:18:31","modified_gmt":"2025-01-28T15:18:31","slug":"primera-feria-de-verano-seguro-y-saludable-en-panama-norte","status":"publish","type":"post","link":"https:\/\/sertv.gob.pa\/crisolfm\/primera-feria-de-verano-seguro-y-saludable-en-panama-norte\/","title":{"rendered":"Primera feria de verano seguro y saludable en Panam\u00e1 Norte"},"content":{"rendered":"<p><em><strong>La Regi\u00f3n de Salud de Panam\u00e1 Norte, a trav\u00e9s de Promoci\u00f3n de la Salud, llev\u00f3 a cabo en el Parque Rach, en Brisas del Norte, su primera feria de verano seguro y saludable.<\/strong><\/em><\/p>\n<p><strong>La Regi\u00f3n de Salud, ofert\u00f3 a los presentes los servicios de vacunaci\u00f3n y toma de presi\u00f3n; adem\u00e1s de revisi\u00f3n odontol\u00f3gica, de nutrici\u00f3n, psicolog\u00eda, de bienestar animal, trabajo social y promoci\u00f3n de la salud, estuvo promocionando la campa\u00f1a del nivel nacional RISA (rico, inspirador, saludable y activo).<\/strong><\/p>\n<p><strong>Promoci\u00f3n de la salud, en su stand brind\u00f3 informaci\u00f3n de comidas saludables, la importancia de mantenerse hidratado y obsequi\u00f3 frutas y granolas a los visitantes. Tambi\u00e9n, hizo competencias entre los presentes adultos y ni\u00f1os con sogas de saltar, hula hoop, ejercicios de destreza y como cierre final se ten\u00eda una divertida clase de zumba.<\/strong><\/p>\n<p><strong>Al mismo tiempo, se complement\u00f3 con las actividades propias del Parque Rach en donde los emprendedores pusieron sus puestos de comida, ropa, jugos, accesorios y diversi\u00f3n.<\/strong><\/p>\n<p><em><strong>Esta actividad de Promoci\u00f3n de la Salud se repetir\u00e1 pr\u00f3ximamente en otra comunidad de los cinco corregimientos de Panam\u00e1 Norte.<\/strong><\/em><\/p>\n<p>&nbsp;<\/p>\n<p>Fuente: MINSA<\/p>\n","protected":false},"excerpt":{"rendered":"<p>La Regi\u00f3n de Salud de Panam\u00e1 Norte, a trav\u00e9s de <a href=\"https:\/\/sertv.gob.pa\/crisolfm\/primera-feria-de-verano-seguro-y-saludable-en-panama-norte\/\"> [&#8230;]<\/a><\/p>\n","protected":false},"author":9,"featured_media":68783,"comment_status":"closed","ping_status":"closed","sticky":false,"template":"","format":"standard","meta":{"footnotes":""},"categories":[14],"tags":[],"class_list":["post-68782","post","type-post","status-publish","format-standard","has-post-thumbnail","hentry","category-salud"],"_links":{"self":[{"href":"https:\/\/sertv.gob.pa\/crisolfm\/wp-json\/wp\/v2\/posts\/68782","targetHints":{"allow":["GET"]}}],"collection":[{"href":"https:\/\/sertv.gob.pa\/crisolfm\/wp-json\/wp\/v2\/posts"}],"about":[{"href":"https:\/\/sertv.gob.pa\/crisolfm\/wp-json\/wp\/v2\/types\/post"}],"author":[{"embeddable":true,"href":"https:\/\/sertv.gob.pa\/crisolfm\/wp-json\/wp\/v2\/users\/9"}],"replies":[{"embeddable":true,"href":"https:\/\/sertv.gob.pa\/crisolfm\/wp-json\/wp\/v2\/comments?post=68782"}],"version-history":[{"count":1,"href":"https:\/\/sertv.gob.pa\/crisolfm\/wp-json\/wp\/v2\/posts\/68782\/revisions"}],"predecessor-version":[{"id":68784,"href":"https:\/\/sertv.gob.pa\/crisolfm\/wp-json\/wp\/v2\/posts\/68782\/revisions\/68784"}],"wp:featuredmedia":[{"embeddable":true,"href":"https:\/\/sertv.gob.pa\/crisolfm\/wp-json\/wp\/v2\/media\/68783"}],"wp:attachment":[{"href":"https:\/\/sertv.gob.pa\/crisolfm\/wp-json\/wp\/v2\/media?parent=68782"}],"wp:term":[{"taxonomy":"category","embeddable":true,"href":"https:\/\/sertv.gob.pa\/crisolfm\/wp-json\/wp\/v2\/categories?post=68782"},{"taxonomy":"post_tag","embeddable":true,"href":"https:\/\/sertv.gob.pa\/crisolfm\/wp-json\/wp\/v2\/tags?post=68782"}],"curies":[{"name":"wp","href":"https:\/\/api.w.org\/{rel}","templated":true}]}}