{"id":6885,"date":"2016-12-02T15:39:20","date_gmt":"2016-12-02T15:39:20","guid":{"rendered":""},"modified":"2016-12-02T15:39:20","modified_gmt":"2016-12-02T15:39:20","slug":"programas-contra-sequia-seran-extendidos-por-la-onu","status":"publish","type":"post","link":"https:\/\/sertv.gob.pa\/crisolfm\/programas-contra-sequia-seran-extendidos-por-la-onu\/","title":{"rendered":"Programas contra sequ\u00eda ser\u00e1n extendidos por la ONU"},"content":{"rendered":"<p>\nLa Organizaci\u00f3n de las Naciones Unidas (ONU) planea extender al periodo 2017-2018 sus programas de ayuda al Corredor Seco de Guatemala, que actualmente benefician a 7,000 familias de esta zona del pa\u00eds centroamericano afectadas por la sequ\u00eda prolongada. <\/p>\n<p>As\u00ed lo asegur\u00f3 el representante de la Organizaci\u00f3n de las Naciones Unidas para la Alimentaci\u00f3n y la Agricultura (FAO) en Guatemala, Diego Recalde, quien confirm\u00f3 que el proyecto ya est\u00e1 definido para 2017 y se est\u00e1 ultimando para el siguiente a\u00f1o, seg\u00fan publica Efe. <\/p>\n<p>El prop\u00f3sito, apunt\u00f3 en declaraciones a los periodistas, es que los trabajos efectuados en el Corredor Seco, fuertemente afectado por la can\u00edcula desde 2014, sirvan de ejemplo y puedan ser replicados en otras comunidades del \u00e1rea. <\/p>\n<p>Seg\u00fan datos de la FAO, el Corredor Seco Centroamericano, en particular Guatemala, Honduras y El Salvador est\u00e1 viviendo una de las sequ\u00edas m\u00e1s graves de estos \u00faltimos 10 a\u00f1os, dejando a m\u00e1s de 3.5 millones de personas necesitando asistencia humanitaria. <\/p>\n<p>El Corredor Seco es una regi\u00f3n de Guatemala que cubre parte de los departamentos de Baja Verapaz, Zacapa, El Progreso, Jalapa, Chiquimula, Jutiapa y Santa Rosa. <\/p>\n<p>\u00a0 <\/p>\n","protected":false},"excerpt":{"rendered":"<p>La Organizaci\u00f3n de las Naciones Unidas (ONU) planea extender al <a href=\"https:\/\/sertv.gob.pa\/crisolfm\/programas-contra-sequia-seran-extendidos-por-la-onu\/\"> [&#8230;]<\/a><\/p>\n","protected":false},"author":1,"featured_media":6886,"comment_status":"closed","ping_status":"closed","sticky":false,"template":"","format":"standard","meta":{"footnotes":""},"categories":[7],"tags":[],"class_list":["post-6885","post","type-post","status-publish","format-standard","has-post-thumbnail","hentry","category-ecologicas"],"_links":{"self":[{"href":"https:\/\/sertv.gob.pa\/crisolfm\/wp-json\/wp\/v2\/posts\/6885","targetHints":{"allow":["GET"]}}],"collection":[{"href":"https:\/\/sertv.gob.pa\/crisolfm\/wp-json\/wp\/v2\/posts"}],"about":[{"href":"https:\/\/sertv.gob.pa\/crisolfm\/wp-json\/wp\/v2\/types\/post"}],"author":[{"embeddable":true,"href":"https:\/\/sertv.gob.pa\/crisolfm\/wp-json\/wp\/v2\/users\/1"}],"replies":[{"embeddable":true,"href":"https:\/\/sertv.gob.pa\/crisolfm\/wp-json\/wp\/v2\/comments?post=6885"}],"version-history":[{"count":0,"href":"https:\/\/sertv.gob.pa\/crisolfm\/wp-json\/wp\/v2\/posts\/6885\/revisions"}],"wp:featuredmedia":[{"embeddable":true,"href":"https:\/\/sertv.gob.pa\/crisolfm\/wp-json\/wp\/v2\/media\/6886"}],"wp:attachment":[{"href":"https:\/\/sertv.gob.pa\/crisolfm\/wp-json\/wp\/v2\/media?parent=6885"}],"wp:term":[{"taxonomy":"category","embeddable":true,"href":"https:\/\/sertv.gob.pa\/crisolfm\/wp-json\/wp\/v2\/categories?post=6885"},{"taxonomy":"post_tag","embeddable":true,"href":"https:\/\/sertv.gob.pa\/crisolfm\/wp-json\/wp\/v2\/tags?post=6885"}],"curies":[{"name":"wp","href":"https:\/\/api.w.org\/{rel}","templated":true}]}}