{"id":69018,"date":"2025-02-03T15:00:25","date_gmt":"2025-02-03T15:00:25","guid":{"rendered":"https:\/\/sertv.gob.pa\/crisolfm\/?p=69018"},"modified":"2025-02-03T15:00:25","modified_gmt":"2025-02-03T15:00:25","slug":"refuerzan-atencion-los-fines-de-semana-en-urgencias-de-policlinica-de-san-carlos","status":"publish","type":"post","link":"https:\/\/sertv.gob.pa\/crisolfm\/refuerzan-atencion-los-fines-de-semana-en-urgencias-de-policlinica-de-san-carlos\/","title":{"rendered":"Refuerzan atenci\u00f3n los fines de semana en urgencias de policl\u00ednica de San Carlos"},"content":{"rendered":"<div class=\"fusion-fullwidth fullwidth-box fusion-builder-row-1 fusion-flex-container has-pattern-background has-mask-background nonhundred-percent-fullwidth non-hundred-percent-height-scrolling\" style=\"--awb-border-radius-top-left:0px;--awb-border-radius-top-right:0px;--awb-border-radius-bottom-right:0px;--awb-border-radius-bottom-left:0px;--awb-flex-wrap:wrap;\" ><div class=\"fusion-builder-row fusion-row fusion-flex-align-items-flex-start fusion-flex-content-wrap\" style=\"max-width:1144px;margin-left: calc(-4% \/ 2 );margin-right: calc(-4% \/ 2 );\"><div class=\"fusion-layout-column fusion_builder_column fusion-builder-column-0 fusion_builder_column_1_1 1_1 fusion-flex-column\" style=\"--awb-bg-size:cover;--awb-width-large:100%;--awb-margin-top-large:0px;--awb-spacing-right-large:1.92%;--awb-margin-bottom-large:20px;--awb-spacing-left-large:1.92%;--awb-width-medium:100%;--awb-order-medium:0;--awb-spacing-right-medium:1.92%;--awb-spacing-left-medium:1.92%;--awb-width-small:100%;--awb-order-small:0;--awb-spacing-right-small:1.92%;--awb-spacing-left-small:1.92%;\"><div class=\"fusion-column-wrapper fusion-column-has-shadow fusion-flex-justify-content-flex-start fusion-content-layout-column\"><div class=\"fusion-text fusion-text-1\" style=\"--awb-content-alignment:justify;\"><p><strong>La policl\u00ednica Dr. Juan Vega M\u00e9ndez, ubicada en el distrito de San Carlos, reforz\u00f3 la atenci\u00f3n m\u00e9dica en el Servicio de Urgencias los fines de semana, ante la alta demanda de pacientes por ser un \u00e1rea de playas y balnearios.<\/strong><\/p>\n<p><em><strong>De acuerdo con la Dra. Karla Tu\u00f1\u00f3n, directora m\u00e9dica de esta instalaci\u00f3n de salud, el servicio de urgencias, que brinda atenci\u00f3n las 24 horas del d\u00eda, cuenta con cuatro m\u00e9dicos, que se refuerzan con uno m\u00e1s en horario de 9:00 a.m. a 9:00 p.m.<\/strong><\/em><\/p>\n<p><em><strong>\u00abPor ser \u00e1rea playera, nos toca dar atenci\u00f3n desde pr\u00e1cticamente Capira hasta el \u00e1rea de Ant\u00f3n y por ende nosotros tenemos m\u00e9dicos de refuerzo\u00bb, subray\u00f3.<\/strong><\/em><\/p>\n<p><strong>\u00abComo equipo estamos tratando de dar la atenci\u00f3n dentro de los par\u00e1metros y las normativas de la Caja de Seguro Social, seg\u00fan la clasificaci\u00f3n del TRIAGE\u00bb, detall\u00f3<\/strong><\/p>\n<p><strong>Agreg\u00f3 que, el refuerzo del personal m\u00e9dico es una estrategia para disminuir el tiempo de espera de los pacientes asegurados y no asegurados que acuden por una atenci\u00f3n de salud.<\/strong><\/p>\n<p>Fuente: CSS<\/p>\n<\/div><div class=\"awb-gallery-wrapper awb-gallery-wrapper-1 button-span-no\" style=\"--more-btn-alignment:center;\"><div style=\"margin:-5px;--awb-bordersize:0px;\" class=\"fusion-gallery fusion-gallery-container fusion-grid-3 fusion-columns-total-2 fusion-gallery-layout-grid fusion-gallery-1\"><div style=\"padding:5px;\" class=\"fusion-grid-column fusion-gallery-column fusion-gallery-column-3 hover-type-none\"><div class=\"fusion-gallery-image\"><a href=\"https:\/\/sertv.gob.pa\/crisolfm\/wp-content\/uploads\/sites\/2\/2025\/02\/REFUERZAN-URGENCIAS-POLICLINICA-SAN-CARLOS-1.jpg\" rel=\"noreferrer\" data-rel=\"iLightbox[gallery_image_1]\" class=\"fusion-lightbox\" target=\"_self\"><img decoding=\"async\" src=\"https:\/\/sertv.gob.pa\/crisolfm\/wp-content\/uploads\/sites\/2\/2025\/02\/REFUERZAN-URGENCIAS-POLICLINICA-SAN-CARLOS-1.jpg\" width=\"768\" height=\"512\" alt=\"\" title=\"REFUERZAN URGENCIAS POLICL\u00cdNICA SAN CARLOS 1\" aria-label=\"REFUERZAN URGENCIAS POLICL\u00cdNICA SAN CARLOS 1\" class=\"img-responsive wp-image-69019\" srcset=\"https:\/\/sertv.gob.pa\/crisolfm\/wp-content\/uploads\/sites\/2\/2025\/02\/REFUERZAN-URGENCIAS-POLICLINICA-SAN-CARLOS-1-200x133.jpg 200w, https:\/\/sertv.gob.pa\/crisolfm\/wp-content\/uploads\/sites\/2\/2025\/02\/REFUERZAN-URGENCIAS-POLICLINICA-SAN-CARLOS-1-400x267.jpg 400w, https:\/\/sertv.gob.pa\/crisolfm\/wp-content\/uploads\/sites\/2\/2025\/02\/REFUERZAN-URGENCIAS-POLICLINICA-SAN-CARLOS-1-600x400.jpg 600w, https:\/\/sertv.gob.pa\/crisolfm\/wp-content\/uploads\/sites\/2\/2025\/02\/REFUERZAN-URGENCIAS-POLICLINICA-SAN-CARLOS-1.jpg 768w\" sizes=\"(min-width: 2200px) 100vw, (min-width: 784px) 363px, (min-width: 712px) 545px, (min-width: 640px) 712px, \" \/><\/a><\/div><\/div><div style=\"padding:5px;\" class=\"fusion-grid-column fusion-gallery-column fusion-gallery-column-3 hover-type-none\"><div class=\"fusion-gallery-image\"><a href=\"https:\/\/sertv.gob.pa\/crisolfm\/wp-content\/uploads\/sites\/2\/2025\/02\/REFUERZAN-URGENCIAS-POLICLINICA-SAN-CARLOS-2.jpg\" rel=\"noreferrer\" data-rel=\"iLightbox[gallery_image_1]\" class=\"fusion-lightbox\" target=\"_self\"><img decoding=\"async\" src=\"https:\/\/sertv.gob.pa\/crisolfm\/wp-content\/uploads\/sites\/2\/2025\/02\/REFUERZAN-URGENCIAS-POLICLINICA-SAN-CARLOS-2.jpg\" width=\"768\" height=\"510\" alt=\"\" title=\"REFUERZAN URGENCIAS POLICL\u00cdNICA SAN CARLOS 2\" aria-label=\"REFUERZAN URGENCIAS POLICL\u00cdNICA SAN CARLOS 2\" class=\"img-responsive wp-image-69020\" srcset=\"https:\/\/sertv.gob.pa\/crisolfm\/wp-content\/uploads\/sites\/2\/2025\/02\/REFUERZAN-URGENCIAS-POLICLINICA-SAN-CARLOS-2-200x133.jpg 200w, https:\/\/sertv.gob.pa\/crisolfm\/wp-content\/uploads\/sites\/2\/2025\/02\/REFUERZAN-URGENCIAS-POLICLINICA-SAN-CARLOS-2-400x266.jpg 400w, https:\/\/sertv.gob.pa\/crisolfm\/wp-content\/uploads\/sites\/2\/2025\/02\/REFUERZAN-URGENCIAS-POLICLINICA-SAN-CARLOS-2-600x398.jpg 600w, https:\/\/sertv.gob.pa\/crisolfm\/wp-content\/uploads\/sites\/2\/2025\/02\/REFUERZAN-URGENCIAS-POLICLINICA-SAN-CARLOS-2.jpg 768w\" sizes=\"(min-width: 2200px) 100vw, (min-width: 784px) 363px, (min-width: 712px) 545px, (min-width: 640px) 712px, \" \/><\/a><\/div><\/div><\/div><\/div><\/div><\/div><\/div><\/div>\n","protected":false},"excerpt":{"rendered":"","protected":false},"author":9,"featured_media":69019,"comment_status":"closed","ping_status":"closed","sticky":false,"template":"","format":"standard","meta":{"footnotes":""},"categories":[14],"tags":[],"class_list":["post-69018","post","type-post","status-publish","format-standard","has-post-thumbnail","hentry","category-salud"],"_links":{"self":[{"href":"https:\/\/sertv.gob.pa\/crisolfm\/wp-json\/wp\/v2\/posts\/69018","targetHints":{"allow":["GET"]}}],"collection":[{"href":"https:\/\/sertv.gob.pa\/crisolfm\/wp-json\/wp\/v2\/posts"}],"about":[{"href":"https:\/\/sertv.gob.pa\/crisolfm\/wp-json\/wp\/v2\/types\/post"}],"author":[{"embeddable":true,"href":"https:\/\/sertv.gob.pa\/crisolfm\/wp-json\/wp\/v2\/users\/9"}],"replies":[{"embeddable":true,"href":"https:\/\/sertv.gob.pa\/crisolfm\/wp-json\/wp\/v2\/comments?post=69018"}],"version-history":[{"count":1,"href":"https:\/\/sertv.gob.pa\/crisolfm\/wp-json\/wp\/v2\/posts\/69018\/revisions"}],"predecessor-version":[{"id":69021,"href":"https:\/\/sertv.gob.pa\/crisolfm\/wp-json\/wp\/v2\/posts\/69018\/revisions\/69021"}],"wp:featuredmedia":[{"embeddable":true,"href":"https:\/\/sertv.gob.pa\/crisolfm\/wp-json\/wp\/v2\/media\/69019"}],"wp:attachment":[{"href":"https:\/\/sertv.gob.pa\/crisolfm\/wp-json\/wp\/v2\/media?parent=69018"}],"wp:term":[{"taxonomy":"category","embeddable":true,"href":"https:\/\/sertv.gob.pa\/crisolfm\/wp-json\/wp\/v2\/categories?post=69018"},{"taxonomy":"post_tag","embeddable":true,"href":"https:\/\/sertv.gob.pa\/crisolfm\/wp-json\/wp\/v2\/tags?post=69018"}],"curies":[{"name":"wp","href":"https:\/\/api.w.org\/{rel}","templated":true}]}}