{"id":69159,"date":"2025-02-05T16:21:59","date_gmt":"2025-02-05T16:21:59","guid":{"rendered":"https:\/\/sertv.gob.pa\/crisolfm\/?p=69159"},"modified":"2025-02-05T16:21:59","modified_gmt":"2025-02-05T16:21:59","slug":"adicionan-turnos-en-santiago-para-reducir-mora-en-cirugias-de-cataratas","status":"publish","type":"post","link":"https:\/\/sertv.gob.pa\/crisolfm\/adicionan-turnos-en-santiago-para-reducir-mora-en-cirugias-de-cataratas\/","title":{"rendered":"Adicionan turnos en Santiago para reducir mora en cirug\u00edas de cataratas"},"content":{"rendered":"<p><strong><em>La Caja de Seguro Social (CSS), a trav\u00e9s de la Policl\u00ednica \u201cDr. Horacio D\u00edaz G\u00f3mez\u201d, inici\u00f3 un plan de acci\u00f3n para reducir la lista de espera de pacientes que requieren cirug\u00eda de cataratas.<\/em><\/strong><\/p>\n<p><strong>A partir de este mes de febrero hasta mayo, se llevar\u00e1n a cabo cirug\u00edas programadas tanto en turnos vespertinos como en horarios regulares, con el fin de atender a quienes cumplen con los requisitos m\u00e9dicos para este procedimiento.<\/strong><\/p>\n<p><strong>El Dr. David Caballero, subespecialista en glaucoma de la esta unidad ejecutora ubicada en Santiago, Veraguas, inform\u00f3 que, se est\u00e1n utilizando tanto las t\u00e9cnicas tradicionales, como lo es la cirug\u00eda extracapsular, que utiliza bistur\u00ed; as\u00ed como la moderna facoemulsificaci\u00f3n, intervenci\u00f3n m\u00ednimamente invasiva, que mejora significativamente la visi\u00f3n de los pacientes en corto tiempo.<\/strong><\/p>\n<p><strong>Las cataratas son una de las principales causas de p\u00e9rdida de visi\u00f3n en personas mayores y entre sus s\u00edntomas est\u00e1:<\/strong><\/p>\n<ul>\n<li><strong><em>Visi\u00f3n borrosa<\/em><\/strong><\/li>\n<li><strong><em>Deslumbramiento o sensibilidad a la luz<\/em><\/strong><\/li>\n<li><strong><em>Disminuci\u00f3n de la percepci\u00f3n de colores.<\/em><\/strong><\/li>\n<\/ul>\n<p><strong>Sostuvo el Dr. Caballero, que, con esta iniciativa, el servicio de Oftalmolog\u00eda, de la policl\u00ednica, reafirma su compromiso con la salud visual de la poblaci\u00f3n, priorizando a aquellos pacientes con mayor necesidad, contribuyendo a mejorar su calidad de vida .<\/strong><\/p>\n<p><strong>Entre quienes muestran su benepl\u00e1cito por dicha acci\u00f3n est\u00e1 el se\u00f1or \u00c1ngel Bonilla, quien calific\u00f3 como muy buena la iniciativa de buscar esa ayuda para el paciente que padece de cataratas.<\/strong><\/p>\n<p><strong>\u201cAgradecemos a la CSS, por esta iniciativa y al Dr. David Caballero, por darnos las oportunidades y crear cupos extra para los pacientes que estamos esperando por esta cirug\u00eda\u00bb, finaliz\u00f3<\/strong><\/p>\n<p>&nbsp;<\/p>\n<p>Fuente: CSS<\/p>\n","protected":false},"excerpt":{"rendered":"<p>La Caja de Seguro Social (CSS), a trav\u00e9s de la <a href=\"https:\/\/sertv.gob.pa\/crisolfm\/adicionan-turnos-en-santiago-para-reducir-mora-en-cirugias-de-cataratas\/\"> [&#8230;]<\/a><\/p>\n","protected":false},"author":9,"featured_media":69160,"comment_status":"closed","ping_status":"closed","sticky":false,"template":"","format":"standard","meta":{"footnotes":""},"categories":[14],"tags":[],"class_list":["post-69159","post","type-post","status-publish","format-standard","has-post-thumbnail","hentry","category-salud"],"_links":{"self":[{"href":"https:\/\/sertv.gob.pa\/crisolfm\/wp-json\/wp\/v2\/posts\/69159","targetHints":{"allow":["GET"]}}],"collection":[{"href":"https:\/\/sertv.gob.pa\/crisolfm\/wp-json\/wp\/v2\/posts"}],"about":[{"href":"https:\/\/sertv.gob.pa\/crisolfm\/wp-json\/wp\/v2\/types\/post"}],"author":[{"embeddable":true,"href":"https:\/\/sertv.gob.pa\/crisolfm\/wp-json\/wp\/v2\/users\/9"}],"replies":[{"embeddable":true,"href":"https:\/\/sertv.gob.pa\/crisolfm\/wp-json\/wp\/v2\/comments?post=69159"}],"version-history":[{"count":1,"href":"https:\/\/sertv.gob.pa\/crisolfm\/wp-json\/wp\/v2\/posts\/69159\/revisions"}],"predecessor-version":[{"id":69161,"href":"https:\/\/sertv.gob.pa\/crisolfm\/wp-json\/wp\/v2\/posts\/69159\/revisions\/69161"}],"wp:featuredmedia":[{"embeddable":true,"href":"https:\/\/sertv.gob.pa\/crisolfm\/wp-json\/wp\/v2\/media\/69160"}],"wp:attachment":[{"href":"https:\/\/sertv.gob.pa\/crisolfm\/wp-json\/wp\/v2\/media?parent=69159"}],"wp:term":[{"taxonomy":"category","embeddable":true,"href":"https:\/\/sertv.gob.pa\/crisolfm\/wp-json\/wp\/v2\/categories?post=69159"},{"taxonomy":"post_tag","embeddable":true,"href":"https:\/\/sertv.gob.pa\/crisolfm\/wp-json\/wp\/v2\/tags?post=69159"}],"curies":[{"name":"wp","href":"https:\/\/api.w.org\/{rel}","templated":true}]}}