{"id":69290,"date":"2025-02-07T17:23:12","date_gmt":"2025-02-07T17:23:12","guid":{"rendered":"https:\/\/sertv.gob.pa\/crisolfm\/?p=69290"},"modified":"2025-02-07T17:23:12","modified_gmt":"2025-02-07T17:23:12","slug":"aperturan-servicio-de-geriatria-en-el-hospital-dr-luis-chichofabrega","status":"publish","type":"post","link":"https:\/\/sertv.gob.pa\/crisolfm\/aperturan-servicio-de-geriatria-en-el-hospital-dr-luis-chichofabrega\/","title":{"rendered":"Aperturan servicio de Geriatr\u00eda en el Hospital Dr.Luis \u00abChicho\u00bbF\u00e1brega"},"content":{"rendered":"<p><strong><em>El Hospital Dr. Luis \u201cChicho\u201d F\u00e1brega cuenta a partir de la fecha con el servicio de Geriatr\u00eda, liderizado por la Dra. Glorijane Salda\u00f1a, m\u00e9dico geriatra.<\/em><\/strong><\/p>\n<p><strong>Sirly Reyes, Directora M\u00e9dica del Hospital Dr. Luis \u00abChicho\u00bb F\u00e1brega\u00bb, indic\u00f3 que, es la primera vez que se brindar\u00e1 este importante servicio en este Centro Hospitalario, lo que representa un avance importante para la provincia.<\/strong><\/p>\n<p><strong>Por su parte Glorijane Salda\u00f1a, m\u00e9dico geriatra, explic\u00f3 que, se mantiene brindando atenci\u00f3n en sala de Hospitalizaci\u00f3n, Urgencias y Consulta Externa. Destac\u00f3 que, los lunes, martes y viernes est\u00e1 atendiendo a los adultos mayores o de 75 a\u00f1os y m\u00e1s que tengan problemas de movilidad, memorias y m\u00faltiples comorbilidades.<\/strong><\/p>\n<p><em><strong>Se invita a la poblaci\u00f3n verag\u00fcense a solicitar sus citas con la referencia de un m\u00e9dico general o m\u00e9dico especialista para atender sus cita<\/strong>s.<\/em><\/p>\n<p>Fuente: MINSA<\/p>\n","protected":false},"excerpt":{"rendered":"<p>El Hospital Dr. Luis \u201cChicho\u201d F\u00e1brega cuenta a partir de <a href=\"https:\/\/sertv.gob.pa\/crisolfm\/aperturan-servicio-de-geriatria-en-el-hospital-dr-luis-chichofabrega\/\"> [&#8230;]<\/a><\/p>\n","protected":false},"author":9,"featured_media":69291,"comment_status":"closed","ping_status":"closed","sticky":false,"template":"","format":"standard","meta":{"footnotes":""},"categories":[14],"tags":[],"class_list":["post-69290","post","type-post","status-publish","format-standard","has-post-thumbnail","hentry","category-salud"],"_links":{"self":[{"href":"https:\/\/sertv.gob.pa\/crisolfm\/wp-json\/wp\/v2\/posts\/69290","targetHints":{"allow":["GET"]}}],"collection":[{"href":"https:\/\/sertv.gob.pa\/crisolfm\/wp-json\/wp\/v2\/posts"}],"about":[{"href":"https:\/\/sertv.gob.pa\/crisolfm\/wp-json\/wp\/v2\/types\/post"}],"author":[{"embeddable":true,"href":"https:\/\/sertv.gob.pa\/crisolfm\/wp-json\/wp\/v2\/users\/9"}],"replies":[{"embeddable":true,"href":"https:\/\/sertv.gob.pa\/crisolfm\/wp-json\/wp\/v2\/comments?post=69290"}],"version-history":[{"count":1,"href":"https:\/\/sertv.gob.pa\/crisolfm\/wp-json\/wp\/v2\/posts\/69290\/revisions"}],"predecessor-version":[{"id":69292,"href":"https:\/\/sertv.gob.pa\/crisolfm\/wp-json\/wp\/v2\/posts\/69290\/revisions\/69292"}],"wp:featuredmedia":[{"embeddable":true,"href":"https:\/\/sertv.gob.pa\/crisolfm\/wp-json\/wp\/v2\/media\/69291"}],"wp:attachment":[{"href":"https:\/\/sertv.gob.pa\/crisolfm\/wp-json\/wp\/v2\/media?parent=69290"}],"wp:term":[{"taxonomy":"category","embeddable":true,"href":"https:\/\/sertv.gob.pa\/crisolfm\/wp-json\/wp\/v2\/categories?post=69290"},{"taxonomy":"post_tag","embeddable":true,"href":"https:\/\/sertv.gob.pa\/crisolfm\/wp-json\/wp\/v2\/tags?post=69290"}],"curies":[{"name":"wp","href":"https:\/\/api.w.org\/{rel}","templated":true}]}}