{"id":6947,"date":"2016-12-12T15:20:43","date_gmt":"2016-12-12T15:20:43","guid":{"rendered":""},"modified":"2016-12-12T15:20:43","modified_gmt":"2016-12-12T15:20:43","slug":"a-un-40-en-30-anos-se-redujo-poblacion-de-jirafas","status":"publish","type":"post","link":"https:\/\/sertv.gob.pa\/crisolfm\/a-un-40-en-30-anos-se-redujo-poblacion-de-jirafas\/","title":{"rendered":"A un 40%, en 30 a\u00f1os, se redujo poblaci\u00f3n de jirafas"},"content":{"rendered":"<p>\nLa poblaci\u00f3n mundial de jirafas cay\u00f3 cerca de un 40 % en los \u00faltimos 30 a\u00f1os y se catalog\u00f3 como especie \u00abvulnerable\u00bb en la \u00faltima Lista Roja de la Uni\u00f3n Internacional para la Conservaci\u00f3n de la Naturaleza (IUCN, en ingl\u00e9s), divulgada en el balneario mexicano de Canc\u00fan. <\/p>\n<p>&lsquo;La poblaci\u00f3n mundial de jirafas se ha desplomado hasta un 40 % en los \u00faltimos 30 a\u00f1os, y la especie ha sido catalogada como &lsquo;vulnerable&#8217; en la Lista Roja de la IUCN&#8217;, seg\u00fan el informe presentado en el marco de la Conferencia de las Partes del Convenio sobre Diversidad Biol\u00f3gica (COP13). <\/p>\n<p>La jirafa ha vivido una &lsquo;disminuci\u00f3n dram\u00e1tica&#8217; del n\u00famero de ejemplares de alrededor de un 36-40 %, al pasar de unos 151.702-163.452 individuos en 1985 a 97.562 en 2015, advierte en este estudio, la tercera versi\u00f3n en lo que va de a\u00f1o. <\/p>\n<p>El animal vive en el \u00c1frica meridional y oriental, con subpoblaciones aisladas m\u00e1s peque\u00f1as en \u00c1frica occidental y central. <\/p>\n<p>Entre las causas de esta reducci\u00f3n en los ejemplares, la IUCN identifica el aumento de la poblaci\u00f3n humana en sus h\u00e1bitats, la caza ilegal, la expansi\u00f3n de la agricultura y la miner\u00eda, el incremento del conflicto humano-vida silvestre y el malestar civil. <\/p>\n<p>Julian Fennessy, copresidente de la Comisi\u00f3n Especial para la Supervivencia (SSC, en ingl\u00e9s) de las jirafas del IUCN, record\u00f3 que muchos de estos animales se ven &lsquo;com\u00fanmente en safaris, en los medios y en zool\u00f3gicos&#8217;. <\/p>\n<p>Por ello, la gente, &lsquo;incluyendo conservacionistas, es inconsciente que estos animales majestuosos est\u00e1n experimentando una extinci\u00f3n silenciosa&lsquo;. <\/p>\n<p>\u00a0 <\/p>\n","protected":false},"excerpt":{"rendered":"<p>La poblaci\u00f3n mundial de jirafas cay\u00f3 cerca de un 40 <a href=\"https:\/\/sertv.gob.pa\/crisolfm\/a-un-40-en-30-anos-se-redujo-poblacion-de-jirafas\/\"> [&#8230;]<\/a><\/p>\n","protected":false},"author":1,"featured_media":6948,"comment_status":"closed","ping_status":"closed","sticky":false,"template":"","format":"standard","meta":{"footnotes":""},"categories":[7],"tags":[],"class_list":["post-6947","post","type-post","status-publish","format-standard","has-post-thumbnail","hentry","category-ecologicas"],"_links":{"self":[{"href":"https:\/\/sertv.gob.pa\/crisolfm\/wp-json\/wp\/v2\/posts\/6947","targetHints":{"allow":["GET"]}}],"collection":[{"href":"https:\/\/sertv.gob.pa\/crisolfm\/wp-json\/wp\/v2\/posts"}],"about":[{"href":"https:\/\/sertv.gob.pa\/crisolfm\/wp-json\/wp\/v2\/types\/post"}],"author":[{"embeddable":true,"href":"https:\/\/sertv.gob.pa\/crisolfm\/wp-json\/wp\/v2\/users\/1"}],"replies":[{"embeddable":true,"href":"https:\/\/sertv.gob.pa\/crisolfm\/wp-json\/wp\/v2\/comments?post=6947"}],"version-history":[{"count":0,"href":"https:\/\/sertv.gob.pa\/crisolfm\/wp-json\/wp\/v2\/posts\/6947\/revisions"}],"wp:featuredmedia":[{"embeddable":true,"href":"https:\/\/sertv.gob.pa\/crisolfm\/wp-json\/wp\/v2\/media\/6948"}],"wp:attachment":[{"href":"https:\/\/sertv.gob.pa\/crisolfm\/wp-json\/wp\/v2\/media?parent=6947"}],"wp:term":[{"taxonomy":"category","embeddable":true,"href":"https:\/\/sertv.gob.pa\/crisolfm\/wp-json\/wp\/v2\/categories?post=6947"},{"taxonomy":"post_tag","embeddable":true,"href":"https:\/\/sertv.gob.pa\/crisolfm\/wp-json\/wp\/v2\/tags?post=6947"}],"curies":[{"name":"wp","href":"https:\/\/api.w.org\/{rel}","templated":true}]}}