{"id":6957,"date":"2016-12-12T18:16:41","date_gmt":"2016-12-12T18:16:41","guid":{"rendered":""},"modified":"2016-12-12T18:16:41","modified_gmt":"2016-12-12T18:16:41","slug":"evaluan-organizacion-de-la-alianza-por-el-millon","status":"publish","type":"post","link":"https:\/\/sertv.gob.pa\/crisolfm\/evaluan-organizacion-de-la-alianza-por-el-millon\/","title":{"rendered":"Eval\u00faan organizaci\u00f3n de la Alianza por el Mill\u00f3n"},"content":{"rendered":"<p>\nLos gestores de la Alianza por el Mill\u00f3n de Hect\u00e1reas recibieron el primer diagn\u00f3stico del programa por parte de la compa\u00f1\u00eda consultora Deloitte que analiz\u00f3 las zonas de mejora que requiere esta alianza p\u00fablico-privada para seguir con su meta de reforestar el pa\u00eds. El estudio preliminar se\u00f1ala como \u00e1reas prioritarias la articulaci\u00f3n, informaci\u00f3n, organizaci\u00f3n y financiamiento de la Alianza. <\/p>\n<p>En un encuentro encabezado por la ministra Mirei Endara, las organizaciones gestoras que forman parte de la Alianza por el Mill\u00f3n, escucharon el informe presentado por la empresa consultora sobre el gobierno corporativo, marco regulatorio, plan operativo y soporte de la Alianza. <\/p>\n<p>La presentaci\u00f3n estuvo a cargo de Jeannett G\u00f3mez, gerente de consultor\u00eda de Deloitte, Domingo Latorraca y Diego Eleta, socios de la firma; as\u00ed como un grupo de ejecutivos y expertos que brindaron un balance pormenorizado de la gesti\u00f3n de los cinco actores y su trabajo conjunto, as\u00ed como las metas que cada uno de ellos se ha propuesto en este programa conjunto de entidades gubernamentales, organizaciones y empresas. <\/p>\n<p>La consultor\u00eda resalt\u00f3 la capacidad de convocatoria de la Alianza por el Mill\u00f3n y la coyuntura de participaci\u00f3n de amplios sectores en todo el pa\u00eds y la oportunidad de construir un programa a largo plazo para rescatar el recurso forestal. De igual forma, la oportunidad para construir un esfuerzo que cambie de forma positiva la competitividad del pa\u00eds y sus recursos naturales. <\/p>\n<p>Uno de los aspectos que se resalt\u00f3 fue la necesidad de fortalecer la formaci\u00f3n de los ingenieros forestales en el pa\u00eds; ya que se requerir\u00e1n para encausar los aspectos t\u00e9cnicos y las pol\u00edticas en el sector. Se hace urgente el establecimiento de la carrera en las universidades y su desarrollo como opci\u00f3n profesional con el objetivo de robustecer las capacidades de dicha disciplina. <\/p>\n<p>Los consultores igualmente enfatizaron en la urgencia de organizar el presupuesto requerido, as\u00ed como de ampliar las fuentes de financiamiento a trav\u00e9s de donaciones privadas o de organizaciones y fondos estatales institucionales que puedan ser orientados hacia este objetivo. <\/p>\n<p>Al final, la ministra Endara agradeci\u00f3 el esfuerzo de an\u00e1lisis de la empresa Deloitte, que permite un ajuste del trabajo que efect\u00faan los gestores de la Alianza en beneficio de las tareas de reforestaci\u00f3n y que permitir\u00e1n alcanzar los objetivos planteados en este gran esfuerzo de distintas entidades y organizaciones. <\/p>\n<p>\u00a0 <\/p>\n","protected":false},"excerpt":{"rendered":"<p>Los gestores de la Alianza por el Mill\u00f3n de Hect\u00e1reas <a href=\"https:\/\/sertv.gob.pa\/crisolfm\/evaluan-organizacion-de-la-alianza-por-el-millon\/\"> [&#8230;]<\/a><\/p>\n","protected":false},"author":1,"featured_media":6958,"comment_status":"closed","ping_status":"closed","sticky":false,"template":"","format":"standard","meta":{"footnotes":""},"categories":[7],"tags":[],"class_list":["post-6957","post","type-post","status-publish","format-standard","has-post-thumbnail","hentry","category-ecologicas"],"_links":{"self":[{"href":"https:\/\/sertv.gob.pa\/crisolfm\/wp-json\/wp\/v2\/posts\/6957","targetHints":{"allow":["GET"]}}],"collection":[{"href":"https:\/\/sertv.gob.pa\/crisolfm\/wp-json\/wp\/v2\/posts"}],"about":[{"href":"https:\/\/sertv.gob.pa\/crisolfm\/wp-json\/wp\/v2\/types\/post"}],"author":[{"embeddable":true,"href":"https:\/\/sertv.gob.pa\/crisolfm\/wp-json\/wp\/v2\/users\/1"}],"replies":[{"embeddable":true,"href":"https:\/\/sertv.gob.pa\/crisolfm\/wp-json\/wp\/v2\/comments?post=6957"}],"version-history":[{"count":0,"href":"https:\/\/sertv.gob.pa\/crisolfm\/wp-json\/wp\/v2\/posts\/6957\/revisions"}],"wp:featuredmedia":[{"embeddable":true,"href":"https:\/\/sertv.gob.pa\/crisolfm\/wp-json\/wp\/v2\/media\/6958"}],"wp:attachment":[{"href":"https:\/\/sertv.gob.pa\/crisolfm\/wp-json\/wp\/v2\/media?parent=6957"}],"wp:term":[{"taxonomy":"category","embeddable":true,"href":"https:\/\/sertv.gob.pa\/crisolfm\/wp-json\/wp\/v2\/categories?post=6957"},{"taxonomy":"post_tag","embeddable":true,"href":"https:\/\/sertv.gob.pa\/crisolfm\/wp-json\/wp\/v2\/tags?post=6957"}],"curies":[{"name":"wp","href":"https:\/\/api.w.org\/{rel}","templated":true}]}}