{"id":69594,"date":"2025-02-14T17:59:20","date_gmt":"2025-02-14T17:59:20","guid":{"rendered":"https:\/\/sertv.gob.pa\/crisolfm\/?p=69594"},"modified":"2025-02-14T17:59:20","modified_gmt":"2025-02-14T17:59:20","slug":"mida-controla-foco-de-influenza-aviar-en-chiriqui","status":"publish","type":"post","link":"https:\/\/sertv.gob.pa\/crisolfm\/mida-controla-foco-de-influenza-aviar-en-chiriqui\/","title":{"rendered":"MIDA controla foco de influenza aviar en Chiriqu\u00ed"},"content":{"rendered":"<p><em><strong>La r\u00e1pida intervenci\u00f3n (diagn\u00f3stico y tratamiento) efectuado por el Ministerio de Desarrollo Agropecuario (MIDA) con el apoyo de otras instituciones permiti\u00f3 controlar el foco de Influenza Aviar de Alta Patogenicidad \u2013 IAAP H5N1, detectado a finales de enero en una granja de traspatio en El Flor, distrito de Dolega, Chiriqu\u00ed.<\/strong><\/em><\/p>\n<p><strong>El Dr. Lester Reyes, subdirector nacional de la Direcci\u00f3n de Salud Animal del MIDA, dijo que, a la fecha, no se mantienen afectaciones en aves de traspatio, silvestres o de cr\u00eda tecnificada. Sin embargo, la vigilancia epidemiol\u00f3gica y medidas de control en la zona se mantendr\u00e1n por los pr\u00f3ximos tres meses.<\/strong><\/p>\n<p><strong>Asimismo, se mantienen las medidas adoptadas como la prohibici\u00f3n del movimiento de aves procedentes de la zona afectada, actividades de caza y la realizaci\u00f3n de peleas de gallo en esta \u00e1rea, adem\u00e1s se contin\u00faa con el monitoreo y muestreo de aves de traspatio, entre otras acciones preventivas.<\/strong><\/p>\n<p><strong>Acot\u00f3 que, tanto en esta zona como en el resto del pa\u00eds, se reforzaron las medidas de bioseguridad y se intensificaron los programas de vigilancia epidemiol\u00f3gica y educaci\u00f3n sanitaria, fundamentalmente, en las zonas de mayor riesgo de introducci\u00f3n de la enfermedad.<\/strong><\/p>\n<p><strong>\u00abEsto debido a que las aves migraron a finales de diciembre (de norte a sur) y comienzan a retornar en el mes de marzo. Esta enfermedad, est\u00e1 muy sujeta con el movimiento de aves migratorias\u00bb, reiter\u00f3 el especialista.<\/strong><\/p>\n<p><strong>El doctor Reyes, dijo que, la concienciaci\u00f3n de la poblaci\u00f3n sobre lo riesgosa que es esta enfermedad es fundamental para que no ocurran m\u00e1s casos.<\/strong><\/p>\n<p><strong>\u00abPedimos a la ciudadan\u00eda, reportar a las autoridades correspondientes aves enfermas o muertas, y evitar mezclar aves silvestres con traspatio, porque esto incrementa el riesgo de enfermedad\u00bb, sostuvo.<\/strong><\/p>\n<p><strong>A\u00f1adi\u00f3 que, a diferencia del brote registrado en 2023 al norte de la provincia de Veraguas donde se sacrificaron muchas aves, y tom\u00f3 alrededor de un mes controlar el foco, en esta ocasi\u00f3n, el diagn\u00f3stico y tratamiento a tiempo deriv\u00f3 en que no se diera multiplicaci\u00f3n del virus.<\/strong><\/p>\n<p><strong>La influenza aviar, se manifiesta con fiebre, depresi\u00f3n, falta de apetito, estornudos, descarga nasal sanguinolenta, diarrea, inflaci\u00f3n con coloraci\u00f3n p\u00farpura o amoratada de la cresta, ojos, barbilla, plumaje erizado, temblores, debilidad, incoordinaci\u00f3n, amontonamiento y disminuci\u00f3n de la producci\u00f3n de huevos, as\u00ed como huevos con c\u00e1scara blanda o sin ella.<\/strong><\/p>\n<p>&nbsp;<\/p>\n<p><strong>Fuente: MIDA<\/strong><\/p>\n","protected":false},"excerpt":{"rendered":"<p>La r\u00e1pida intervenci\u00f3n (diagn\u00f3stico y tratamiento) efectuado por el Ministerio <a href=\"https:\/\/sertv.gob.pa\/crisolfm\/mida-controla-foco-de-influenza-aviar-en-chiriqui\/\"> [&#8230;]<\/a><\/p>\n","protected":false},"author":9,"featured_media":69595,"comment_status":"closed","ping_status":"closed","sticky":false,"template":"","format":"standard","meta":{"footnotes":""},"categories":[14],"tags":[],"class_list":["post-69594","post","type-post","status-publish","format-standard","has-post-thumbnail","hentry","category-salud"],"_links":{"self":[{"href":"https:\/\/sertv.gob.pa\/crisolfm\/wp-json\/wp\/v2\/posts\/69594","targetHints":{"allow":["GET"]}}],"collection":[{"href":"https:\/\/sertv.gob.pa\/crisolfm\/wp-json\/wp\/v2\/posts"}],"about":[{"href":"https:\/\/sertv.gob.pa\/crisolfm\/wp-json\/wp\/v2\/types\/post"}],"author":[{"embeddable":true,"href":"https:\/\/sertv.gob.pa\/crisolfm\/wp-json\/wp\/v2\/users\/9"}],"replies":[{"embeddable":true,"href":"https:\/\/sertv.gob.pa\/crisolfm\/wp-json\/wp\/v2\/comments?post=69594"}],"version-history":[{"count":1,"href":"https:\/\/sertv.gob.pa\/crisolfm\/wp-json\/wp\/v2\/posts\/69594\/revisions"}],"predecessor-version":[{"id":69596,"href":"https:\/\/sertv.gob.pa\/crisolfm\/wp-json\/wp\/v2\/posts\/69594\/revisions\/69596"}],"wp:featuredmedia":[{"embeddable":true,"href":"https:\/\/sertv.gob.pa\/crisolfm\/wp-json\/wp\/v2\/media\/69595"}],"wp:attachment":[{"href":"https:\/\/sertv.gob.pa\/crisolfm\/wp-json\/wp\/v2\/media?parent=69594"}],"wp:term":[{"taxonomy":"category","embeddable":true,"href":"https:\/\/sertv.gob.pa\/crisolfm\/wp-json\/wp\/v2\/categories?post=69594"},{"taxonomy":"post_tag","embeddable":true,"href":"https:\/\/sertv.gob.pa\/crisolfm\/wp-json\/wp\/v2\/tags?post=69594"}],"curies":[{"name":"wp","href":"https:\/\/api.w.org\/{rel}","templated":true}]}}