{"id":69720,"date":"2025-02-18T16:10:40","date_gmt":"2025-02-18T16:10:40","guid":{"rendered":"https:\/\/sertv.gob.pa\/crisolfm\/?p=69720"},"modified":"2025-02-18T16:10:40","modified_gmt":"2025-02-18T16:10:40","slug":"en-la-comunidad-de-las-tablas-se-realizo-una-jornada-de-eliminacion-de-criadores-de-mosquito","status":"publish","type":"post","link":"https:\/\/sertv.gob.pa\/crisolfm\/en-la-comunidad-de-las-tablas-se-realizo-una-jornada-de-eliminacion-de-criadores-de-mosquito\/","title":{"rendered":"En la comunidad de Las Tablas se realiz\u00f3 una jornada de eliminaci\u00f3n de criadores de mosquito"},"content":{"rendered":"<p><em><strong>El equipo regional de Bocas del Toro, llev\u00f3 a ejecuci\u00f3n este lunes, la actividad denominada \u00abMovilizaci\u00f3n Nacional para Eliminaci\u00f3n de los Criaderos de Mosquito\u00bb, en la comunidad de La Tablas en Bocas del Toro.<\/strong><\/em><\/p>\n<p><strong>La intervenci\u00f3n que se realiza en dicha comunidad, se basa en los altos \u00edndices de casos de dengue.<\/strong><\/p>\n<p><strong>Cabe se\u00f1alar que, el objetivo de esta campa\u00f1a, es promover estilos de vida saludable, con la eliminaci\u00f3n de criaderos inservibles, por lo que se visit\u00f3 casa por casa, entrega de material educativo y perifoneo.<\/strong><\/p>\n<p><strong>El equipo regional de Bocas del Toro, conformado por Promoci\u00f3n de la Salud, Saneamiento Ambiental, Control de Vectores, Salud P\u00fablica y Epidemiolog\u00eda, como tambi\u00e9n, estudiantes de la Universidad Tecnol\u00f3gica de Panam\u00e1, quienes se desplazaron en todo el sector a fin de concientizar a los residentes la importancia de eliminar los criaderos potenciales del mosquito.<\/strong><\/p>\n<p><strong>Adem\u00e1s, hubo el apoyo por parte del SENADIS, para el traslado del personal, al lugar de la jornada.<\/strong><\/p>\n<p>&nbsp;<\/p>\n<p>Fuente: MINSA<\/p>\n","protected":false},"excerpt":{"rendered":"<p>El equipo regional de Bocas del Toro, llev\u00f3 a ejecuci\u00f3n <a href=\"https:\/\/sertv.gob.pa\/crisolfm\/en-la-comunidad-de-las-tablas-se-realizo-una-jornada-de-eliminacion-de-criadores-de-mosquito\/\"> [&#8230;]<\/a><\/p>\n","protected":false},"author":9,"featured_media":69721,"comment_status":"closed","ping_status":"closed","sticky":false,"template":"","format":"standard","meta":{"footnotes":""},"categories":[14],"tags":[],"class_list":["post-69720","post","type-post","status-publish","format-standard","has-post-thumbnail","hentry","category-salud"],"_links":{"self":[{"href":"https:\/\/sertv.gob.pa\/crisolfm\/wp-json\/wp\/v2\/posts\/69720","targetHints":{"allow":["GET"]}}],"collection":[{"href":"https:\/\/sertv.gob.pa\/crisolfm\/wp-json\/wp\/v2\/posts"}],"about":[{"href":"https:\/\/sertv.gob.pa\/crisolfm\/wp-json\/wp\/v2\/types\/post"}],"author":[{"embeddable":true,"href":"https:\/\/sertv.gob.pa\/crisolfm\/wp-json\/wp\/v2\/users\/9"}],"replies":[{"embeddable":true,"href":"https:\/\/sertv.gob.pa\/crisolfm\/wp-json\/wp\/v2\/comments?post=69720"}],"version-history":[{"count":1,"href":"https:\/\/sertv.gob.pa\/crisolfm\/wp-json\/wp\/v2\/posts\/69720\/revisions"}],"predecessor-version":[{"id":69722,"href":"https:\/\/sertv.gob.pa\/crisolfm\/wp-json\/wp\/v2\/posts\/69720\/revisions\/69722"}],"wp:featuredmedia":[{"embeddable":true,"href":"https:\/\/sertv.gob.pa\/crisolfm\/wp-json\/wp\/v2\/media\/69721"}],"wp:attachment":[{"href":"https:\/\/sertv.gob.pa\/crisolfm\/wp-json\/wp\/v2\/media?parent=69720"}],"wp:term":[{"taxonomy":"category","embeddable":true,"href":"https:\/\/sertv.gob.pa\/crisolfm\/wp-json\/wp\/v2\/categories?post=69720"},{"taxonomy":"post_tag","embeddable":true,"href":"https:\/\/sertv.gob.pa\/crisolfm\/wp-json\/wp\/v2\/tags?post=69720"}],"curies":[{"name":"wp","href":"https:\/\/api.w.org\/{rel}","templated":true}]}}