{"id":69789,"date":"2025-02-19T15:59:06","date_gmt":"2025-02-19T15:59:06","guid":{"rendered":"https:\/\/sertv.gob.pa\/crisolfm\/?p=69789"},"modified":"2025-02-19T15:59:06","modified_gmt":"2025-02-19T15:59:06","slug":"en-parque-lefevre-inicio-el-operativo-de-movilizacion-para-la-eliminacion-de-criaderos-de-mosquitos","status":"publish","type":"post","link":"https:\/\/sertv.gob.pa\/crisolfm\/en-parque-lefevre-inicio-el-operativo-de-movilizacion-para-la-eliminacion-de-criaderos-de-mosquitos\/","title":{"rendered":"En Parque Lefevre inici\u00f3 el operativo de movilizaci\u00f3n para la eliminaci\u00f3n de criaderos de mosquitos"},"content":{"rendered":"<p><em><strong>Desde este lunes 17 hasta el 19 de febrero en el corregimiento de Parque Lefevre, se realizar\u00e1 el operativo de \u201cMovilizaci\u00f3n Nacional para la eliminaci\u00f3n de criaderos de mosquitos\u201d con la b\u00fasqueda de casos sintom\u00e1ticos, verificaci\u00f3n, docencia, nebulizaci\u00f3n y eliminaci\u00f3n de criaderos de mosquitos con el equipo de Epidemiolog\u00eda, Control de Vectores y Promoci\u00f3n de la Salud.<\/strong><\/em><\/p>\n<p><strong>Para este primer d\u00eda, el equipo de salud, recorri\u00f3 el \u00e1rea de Panam\u00e1 Viejo y Puente El Rey, en la cual se orient\u00f3 a los residentes casa por casa, para evitar que el mosquito, se reproduzca y cause la enfermedad del dengue, igualmente se brind\u00f3 atenci\u00f3n m\u00e9dica inmediata un paciente por caso positivo.<\/strong><\/p>\n<p><strong>Seg\u00fan el reporte epidemiol\u00f3gico regional, el corregimiento de Parque Lefevre, reporta 28 casos acumulados por dengue, por lo que se refuerza la estrategia y eliminaci\u00f3n de criaderos de mosquitos.<\/strong><\/p>\n<p><strong>En tanto, para el jueves 20 y viernes 21, el operativo se trasladar\u00e1 para el corregimiento de Tocumen en el sector de Bel\u00e9n.<\/strong><\/p>\n<p><em><strong>Las autoridades de salud, reiteran a la poblaci\u00f3n reforzar las medidas preventivas y eliminaci\u00f3n de los criaderos de mosquitos para evitar los aumentos de casos por dengue.<\/strong><\/em><\/p>\n<p>&nbsp;<\/p>\n<p>Fuente: MINSA<\/p>\n","protected":false},"excerpt":{"rendered":"<p>Desde este lunes 17 hasta el 19 de febrero en <a href=\"https:\/\/sertv.gob.pa\/crisolfm\/en-parque-lefevre-inicio-el-operativo-de-movilizacion-para-la-eliminacion-de-criaderos-de-mosquitos\/\"> [&#8230;]<\/a><\/p>\n","protected":false},"author":9,"featured_media":69790,"comment_status":"closed","ping_status":"closed","sticky":false,"template":"","format":"standard","meta":{"footnotes":""},"categories":[14],"tags":[],"class_list":["post-69789","post","type-post","status-publish","format-standard","has-post-thumbnail","hentry","category-salud"],"_links":{"self":[{"href":"https:\/\/sertv.gob.pa\/crisolfm\/wp-json\/wp\/v2\/posts\/69789","targetHints":{"allow":["GET"]}}],"collection":[{"href":"https:\/\/sertv.gob.pa\/crisolfm\/wp-json\/wp\/v2\/posts"}],"about":[{"href":"https:\/\/sertv.gob.pa\/crisolfm\/wp-json\/wp\/v2\/types\/post"}],"author":[{"embeddable":true,"href":"https:\/\/sertv.gob.pa\/crisolfm\/wp-json\/wp\/v2\/users\/9"}],"replies":[{"embeddable":true,"href":"https:\/\/sertv.gob.pa\/crisolfm\/wp-json\/wp\/v2\/comments?post=69789"}],"version-history":[{"count":1,"href":"https:\/\/sertv.gob.pa\/crisolfm\/wp-json\/wp\/v2\/posts\/69789\/revisions"}],"predecessor-version":[{"id":69791,"href":"https:\/\/sertv.gob.pa\/crisolfm\/wp-json\/wp\/v2\/posts\/69789\/revisions\/69791"}],"wp:featuredmedia":[{"embeddable":true,"href":"https:\/\/sertv.gob.pa\/crisolfm\/wp-json\/wp\/v2\/media\/69790"}],"wp:attachment":[{"href":"https:\/\/sertv.gob.pa\/crisolfm\/wp-json\/wp\/v2\/media?parent=69789"}],"wp:term":[{"taxonomy":"category","embeddable":true,"href":"https:\/\/sertv.gob.pa\/crisolfm\/wp-json\/wp\/v2\/categories?post=69789"},{"taxonomy":"post_tag","embeddable":true,"href":"https:\/\/sertv.gob.pa\/crisolfm\/wp-json\/wp\/v2\/tags?post=69789"}],"curies":[{"name":"wp","href":"https:\/\/api.w.org\/{rel}","templated":true}]}}