{"id":69842,"date":"2025-02-20T15:01:58","date_gmt":"2025-02-20T15:01:58","guid":{"rendered":"https:\/\/sertv.gob.pa\/crisolfm\/?p=69842"},"modified":"2025-02-20T15:01:58","modified_gmt":"2025-02-20T15:01:58","slug":"region-de-salud-de-cocle-realiza-reunion-sobre-tuberculosis","status":"publish","type":"post","link":"https:\/\/sertv.gob.pa\/crisolfm\/region-de-salud-de-cocle-realiza-reunion-sobre-tuberculosis\/","title":{"rendered":"Regi\u00f3n de Salud de Cocl\u00e9 realiza reuni\u00f3n sobre Tuberculosis"},"content":{"rendered":"<p><strong>La Regi\u00f3n de Salud de Cocl\u00e9 a trav\u00e9s de la coordinaci\u00f3n del Programa de Control de la Tuberculosis, realiz\u00f3 recientemente, una reuni\u00f3n t\u00e9cnico docente con enfermeras distritales que laboran en instalaciones del MINSA.<\/strong><\/p>\n<p><strong>Durante el encuentro, se abordaron temas relacionados a la evaluaci\u00f3n del manejo del paciente en control, seguimiento a los contactos estrechos, estrategias comunitarias para concientizar a la poblaci\u00f3n sobre la TB, entre otros.<\/strong><\/p>\n<p><strong>El objetivo de esta capacitaci\u00f3n, es fortalecer la gesti\u00f3n del programa para el control de la tuberculosis a nivel distrital, a trav\u00e9s de la estrategia de desarrollo humano.<\/strong><\/p>\n<p>&nbsp;<\/p>\n<p>Fuente: MINSA<\/p>\n","protected":false},"excerpt":{"rendered":"<p>La Regi\u00f3n de Salud de Cocl\u00e9 a trav\u00e9s de la <a href=\"https:\/\/sertv.gob.pa\/crisolfm\/region-de-salud-de-cocle-realiza-reunion-sobre-tuberculosis\/\"> [&#8230;]<\/a><\/p>\n","protected":false},"author":9,"featured_media":69843,"comment_status":"closed","ping_status":"closed","sticky":false,"template":"","format":"standard","meta":{"footnotes":""},"categories":[14],"tags":[],"class_list":["post-69842","post","type-post","status-publish","format-standard","has-post-thumbnail","hentry","category-salud"],"_links":{"self":[{"href":"https:\/\/sertv.gob.pa\/crisolfm\/wp-json\/wp\/v2\/posts\/69842","targetHints":{"allow":["GET"]}}],"collection":[{"href":"https:\/\/sertv.gob.pa\/crisolfm\/wp-json\/wp\/v2\/posts"}],"about":[{"href":"https:\/\/sertv.gob.pa\/crisolfm\/wp-json\/wp\/v2\/types\/post"}],"author":[{"embeddable":true,"href":"https:\/\/sertv.gob.pa\/crisolfm\/wp-json\/wp\/v2\/users\/9"}],"replies":[{"embeddable":true,"href":"https:\/\/sertv.gob.pa\/crisolfm\/wp-json\/wp\/v2\/comments?post=69842"}],"version-history":[{"count":1,"href":"https:\/\/sertv.gob.pa\/crisolfm\/wp-json\/wp\/v2\/posts\/69842\/revisions"}],"predecessor-version":[{"id":69844,"href":"https:\/\/sertv.gob.pa\/crisolfm\/wp-json\/wp\/v2\/posts\/69842\/revisions\/69844"}],"wp:featuredmedia":[{"embeddable":true,"href":"https:\/\/sertv.gob.pa\/crisolfm\/wp-json\/wp\/v2\/media\/69843"}],"wp:attachment":[{"href":"https:\/\/sertv.gob.pa\/crisolfm\/wp-json\/wp\/v2\/media?parent=69842"}],"wp:term":[{"taxonomy":"category","embeddable":true,"href":"https:\/\/sertv.gob.pa\/crisolfm\/wp-json\/wp\/v2\/categories?post=69842"},{"taxonomy":"post_tag","embeddable":true,"href":"https:\/\/sertv.gob.pa\/crisolfm\/wp-json\/wp\/v2\/tags?post=69842"}],"curies":[{"name":"wp","href":"https:\/\/api.w.org\/{rel}","templated":true}]}}