{"id":6995,"date":"2016-12-16T16:49:23","date_gmt":"2016-12-16T16:49:23","guid":{"rendered":""},"modified":"2016-12-16T16:49:23","modified_gmt":"2016-12-16T16:49:23","slug":"otto-segunda-gran-tormenta-que-azota-isla-de-barro-colorado","status":"publish","type":"post","link":"https:\/\/sertv.gob.pa\/crisolfm\/otto-segunda-gran-tormenta-que-azota-isla-de-barro-colorado\/","title":{"rendered":"Otto, segunda gran tormenta que azota isla de Barro Colorado"},"content":{"rendered":"<p>\nOtto es la segunda tormenta en azotar con gran fuerza la isla de Barro Colorado, ubicada en el lago Gat\u00fan del Canal de Panam\u00e1, en los \u00faltimos 6 a\u00f1os. <\/p>\n<p>La primera se registr\u00f3 del 7 al 9 de diciembre del 2010, conocida como La Pur\u00edsima. <\/p>\n<p>As\u00ed lo dio a conocer el Instituto Smithsonian de Investigaciones Tropicales (STRI, por sus siglas en ingl\u00e9s) en un reciente an\u00e1lisis sobre las precipitaciones pluviales ocurridas en esa regi\u00f3n del pa\u00eds, desde que se tienen registros en los \u00faltimos 87 a\u00f1os (1929). <\/p>\n<p>En su an\u00e1lisis, el Smithsonian compara esas dos \u00faltimas grandes tormentas que han azotado la isla de Barro Colorado, lugar desde donde desde hace unos 70 a\u00f1os el STRI opera su centro de investigaci\u00f3n permanente, dedicado a estudiar los ecosistemas del bosque lluvioso. <\/p>\n<p>Seg\u00fan el STRI, el impacto de ambas tormentas sobre la regi\u00f3n se destac\u00f3, tanto por la duraci\u00f3n como por la cantidad total de lluvias. <\/p>\n<p>En este sentido, el STRI detall\u00f3 que en ambas Otto super\u00f3 a La Pur\u00edsima. El primer evento dur\u00f3 2,621 minutos y el segundo 2,115. En cuanto a la cantidad de agua acumulada en el suelo por la lluvia, Otto registr\u00f3 290,282 mil\u00edmetros, mientras que La Pur\u00edsima, 267,716. <\/p>\n<p>Las precipitaciones totales del evento Otto (312.7 mm) fueron m\u00e1s seguidas que las de La Pur\u00edsima (287.8 mm). <\/p>\n<p>En la historia de Centroam\u00e9rica, Otto fue el \u00fanico hurac\u00e1n que ha logrado cruzar del oc\u00e9ano Atl\u00e1ntico al Pac\u00edfico en los \u00faltimos 28 a\u00f1os, manifest\u00f3 en recientes declaraciones a La Estrella de Panam\u00e1 el meteor\u00f3logo Emanuel Vel\u00e1squez, de Hidrometeorolog\u00eda de la Empresa de Transmisi\u00f3n El\u00e9ctrica, S.A. (Etesa). <\/p>\n<p>El anterior fue el hurac\u00e1n Joan-Miriam y sucedi\u00f3 el 10 de octubre de 1988. <\/p>\n<p>\u00a0 <\/p>\n","protected":false},"excerpt":{"rendered":"<p>Otto es la segunda tormenta en azotar con gran fuerza <a href=\"https:\/\/sertv.gob.pa\/crisolfm\/otto-segunda-gran-tormenta-que-azota-isla-de-barro-colorado\/\"> [&#8230;]<\/a><\/p>\n","protected":false},"author":1,"featured_media":6996,"comment_status":"closed","ping_status":"closed","sticky":false,"template":"","format":"standard","meta":{"footnotes":""},"categories":[7],"tags":[],"class_list":["post-6995","post","type-post","status-publish","format-standard","has-post-thumbnail","hentry","category-ecologicas"],"_links":{"self":[{"href":"https:\/\/sertv.gob.pa\/crisolfm\/wp-json\/wp\/v2\/posts\/6995","targetHints":{"allow":["GET"]}}],"collection":[{"href":"https:\/\/sertv.gob.pa\/crisolfm\/wp-json\/wp\/v2\/posts"}],"about":[{"href":"https:\/\/sertv.gob.pa\/crisolfm\/wp-json\/wp\/v2\/types\/post"}],"author":[{"embeddable":true,"href":"https:\/\/sertv.gob.pa\/crisolfm\/wp-json\/wp\/v2\/users\/1"}],"replies":[{"embeddable":true,"href":"https:\/\/sertv.gob.pa\/crisolfm\/wp-json\/wp\/v2\/comments?post=6995"}],"version-history":[{"count":0,"href":"https:\/\/sertv.gob.pa\/crisolfm\/wp-json\/wp\/v2\/posts\/6995\/revisions"}],"wp:featuredmedia":[{"embeddable":true,"href":"https:\/\/sertv.gob.pa\/crisolfm\/wp-json\/wp\/v2\/media\/6996"}],"wp:attachment":[{"href":"https:\/\/sertv.gob.pa\/crisolfm\/wp-json\/wp\/v2\/media?parent=6995"}],"wp:term":[{"taxonomy":"category","embeddable":true,"href":"https:\/\/sertv.gob.pa\/crisolfm\/wp-json\/wp\/v2\/categories?post=6995"},{"taxonomy":"post_tag","embeddable":true,"href":"https:\/\/sertv.gob.pa\/crisolfm\/wp-json\/wp\/v2\/tags?post=6995"}],"curies":[{"name":"wp","href":"https:\/\/api.w.org\/{rel}","templated":true}]}}