{"id":7007,"date":"2016-12-17T05:00:00","date_gmt":"2016-12-17T05:00:00","guid":{"rendered":""},"modified":"2016-12-17T05:00:00","modified_gmt":"2016-12-17T05:00:00","slug":"pardela-balear-repite-como-el-ave-marina-mas-amenazada","status":"publish","type":"post","link":"https:\/\/sertv.gob.pa\/crisolfm\/pardela-balear-repite-como-el-ave-marina-mas-amenazada\/","title":{"rendered":"Pardela balear repite como el ave marina m\u00e1s amenazada"},"content":{"rendered":"<p>\nLa  pardela balear  (Puffinus mauritanicus) sigue siendo  el ave marina m\u00e1s amenazada de Europa . As\u00ed lo certifica la Lista Roja de Especies Amenazas elaborada por la Uni\u00f3n Internacional de Conservaci\u00f3n de la Naturaleza (UICN-red List) y cuya actualizaci\u00f3n se dio a conocer en Canc\u00fan. <\/p>\n<p>La nueva  Lista Roja  se present\u00f3 en Canc\u00fan (M\u00e9xico) en el marco de la decimotercera Conferencia de las Partes de la Convenci\u00f3n marco de Diversidad Biol\u00f3gica y en ella se indica que de las 85.604 especies que existen en el mundo,  24.307 est\u00e1n bajo amenaza de extinci\u00f3n.  <\/p>\n<p>Dicha lista incluye una evaluaci\u00f3n precisa sobre el estado de las distintas especies de aves mediante un trabajo de revisi\u00f3n taxon\u00f3mica desarrollado por BirdLife International que se\u00f1ala que hoy en d\u00eda hay 11.212 especies de aves. En este sentido, se han reconocido 742 nuevas especies de las cuales el 11% sufre alguna amenaza. <\/p>\n<p>De este modo, la actualizada Lista Roja incorpora 5.210 especies en peligro cr\u00edtico, 7.781 en peligro, 11.316 especies vulnerables y 5.498 que se acercan a la amenaza. <\/p>\n<p>En el caso de Espa\u00f1a, la lista incluye 379 especies y subespecies de aves. De \u00e9stas,  la pardela balear ostenta de nuevo el triste honor de ser el ave marina m\u00e1s amenaza de Europa y por ello la incluyen en la categor\u00eda de en peligro cr\u00edtico en la que ya ha estado en otras 8 ocasiones.  <\/p>\n<p>La pardela balear es la  \u00fanica especie de ave end\u00e9mica de Baleares.  Sus colonias de cr\u00eda solo se ubican en el archipi\u00e9lago balear, especialmente en islotes y zonas de muy dif\u00edcil acceso como cuevas o grietas en acantilados. Suelen ser mon\u00f3gamas y ponen un \u00fanico huevo cuyo periodo de cr\u00eda es de casi dos meses. El estudio revela tambi\u00e9n que actualmente hay unas 8.000 aves de dicha especie y la cifra de parejas reproductoras ronda las 2.500. <\/p>\n<p>\u00a0 <\/p>\n<p>\u00a0 <\/p>\n","protected":false},"excerpt":{"rendered":"<p>La pardela balear (Puffinus mauritanicus) sigue siendo el ave marina <a href=\"https:\/\/sertv.gob.pa\/crisolfm\/pardela-balear-repite-como-el-ave-marina-mas-amenazada\/\"> [&#8230;]<\/a><\/p>\n","protected":false},"author":1,"featured_media":7008,"comment_status":"closed","ping_status":"closed","sticky":false,"template":"","format":"standard","meta":{"footnotes":""},"categories":[7],"tags":[],"class_list":["post-7007","post","type-post","status-publish","format-standard","has-post-thumbnail","hentry","category-ecologicas"],"_links":{"self":[{"href":"https:\/\/sertv.gob.pa\/crisolfm\/wp-json\/wp\/v2\/posts\/7007","targetHints":{"allow":["GET"]}}],"collection":[{"href":"https:\/\/sertv.gob.pa\/crisolfm\/wp-json\/wp\/v2\/posts"}],"about":[{"href":"https:\/\/sertv.gob.pa\/crisolfm\/wp-json\/wp\/v2\/types\/post"}],"author":[{"embeddable":true,"href":"https:\/\/sertv.gob.pa\/crisolfm\/wp-json\/wp\/v2\/users\/1"}],"replies":[{"embeddable":true,"href":"https:\/\/sertv.gob.pa\/crisolfm\/wp-json\/wp\/v2\/comments?post=7007"}],"version-history":[{"count":0,"href":"https:\/\/sertv.gob.pa\/crisolfm\/wp-json\/wp\/v2\/posts\/7007\/revisions"}],"wp:featuredmedia":[{"embeddable":true,"href":"https:\/\/sertv.gob.pa\/crisolfm\/wp-json\/wp\/v2\/media\/7008"}],"wp:attachment":[{"href":"https:\/\/sertv.gob.pa\/crisolfm\/wp-json\/wp\/v2\/media?parent=7007"}],"wp:term":[{"taxonomy":"category","embeddable":true,"href":"https:\/\/sertv.gob.pa\/crisolfm\/wp-json\/wp\/v2\/categories?post=7007"},{"taxonomy":"post_tag","embeddable":true,"href":"https:\/\/sertv.gob.pa\/crisolfm\/wp-json\/wp\/v2\/tags?post=7007"}],"curies":[{"name":"wp","href":"https:\/\/api.w.org\/{rel}","templated":true}]}}