{"id":7011,"date":"2016-12-19T15:11:56","date_gmt":"2016-12-19T15:11:56","guid":{"rendered":""},"modified":"2016-12-19T15:11:56","modified_gmt":"2016-12-19T15:11:56","slug":"sismo-de-magnitud-4-5-sacudio-el-sureste-de-el-salvador","status":"publish","type":"post","link":"https:\/\/sertv.gob.pa\/crisolfm\/sismo-de-magnitud-4-5-sacudio-el-sureste-de-el-salvador\/","title":{"rendered":"Sismo de magnitud 4,5 sacudi\u00f3 el sureste de El Salvador"},"content":{"rendered":"<p>\nHoy un sismo de magnitud 4,5 en la escala abierta Richter sacudi\u00f3 el sureste de El Salvador sin ocasionar v\u00edctimas ni da\u00f1os materiales, inform\u00f3 el Ministerio de Medio Ambiente y Recursos Naturales (MARN). <\/p>\n<p>El movimiento tel\u00farico se produjo frente a la costa de la Paz, a unos 50 kil\u00f3metros de la capital salvadore\u00f1a, a las 06:22 hora local (12:22 GMT). <\/p>\n<p>La cartera de Estado precis\u00f3 que el temblor tuvo su epicentro a 38 kil\u00f3metros de profundidad en aguas del oc\u00e9ano Pac\u00edfico. <\/p>\n<p>\u00a0 <\/p>\n","protected":false},"excerpt":{"rendered":"<p>Hoy un sismo de magnitud 4,5 en la escala abierta <a href=\"https:\/\/sertv.gob.pa\/crisolfm\/sismo-de-magnitud-4-5-sacudio-el-sureste-de-el-salvador\/\"> [&#8230;]<\/a><\/p>\n","protected":false},"author":1,"featured_media":7012,"comment_status":"closed","ping_status":"closed","sticky":false,"template":"","format":"standard","meta":{"footnotes":""},"categories":[7],"tags":[],"class_list":["post-7011","post","type-post","status-publish","format-standard","has-post-thumbnail","hentry","category-ecologicas"],"_links":{"self":[{"href":"https:\/\/sertv.gob.pa\/crisolfm\/wp-json\/wp\/v2\/posts\/7011","targetHints":{"allow":["GET"]}}],"collection":[{"href":"https:\/\/sertv.gob.pa\/crisolfm\/wp-json\/wp\/v2\/posts"}],"about":[{"href":"https:\/\/sertv.gob.pa\/crisolfm\/wp-json\/wp\/v2\/types\/post"}],"author":[{"embeddable":true,"href":"https:\/\/sertv.gob.pa\/crisolfm\/wp-json\/wp\/v2\/users\/1"}],"replies":[{"embeddable":true,"href":"https:\/\/sertv.gob.pa\/crisolfm\/wp-json\/wp\/v2\/comments?post=7011"}],"version-history":[{"count":0,"href":"https:\/\/sertv.gob.pa\/crisolfm\/wp-json\/wp\/v2\/posts\/7011\/revisions"}],"wp:featuredmedia":[{"embeddable":true,"href":"https:\/\/sertv.gob.pa\/crisolfm\/wp-json\/wp\/v2\/media\/7012"}],"wp:attachment":[{"href":"https:\/\/sertv.gob.pa\/crisolfm\/wp-json\/wp\/v2\/media?parent=7011"}],"wp:term":[{"taxonomy":"category","embeddable":true,"href":"https:\/\/sertv.gob.pa\/crisolfm\/wp-json\/wp\/v2\/categories?post=7011"},{"taxonomy":"post_tag","embeddable":true,"href":"https:\/\/sertv.gob.pa\/crisolfm\/wp-json\/wp\/v2\/tags?post=7011"}],"curies":[{"name":"wp","href":"https:\/\/api.w.org\/{rel}","templated":true}]}}