{"id":7033,"date":"2016-12-20T18:49:08","date_gmt":"2016-12-20T18:49:08","guid":{"rendered":""},"modified":"2016-12-20T18:49:08","modified_gmt":"2016-12-20T18:49:08","slug":"alerta-por-niveles-maximos-de-radiacion-ultravioleta","status":"publish","type":"post","link":"https:\/\/sertv.gob.pa\/crisolfm\/alerta-por-niveles-maximos-de-radiacion-ultravioleta\/","title":{"rendered":"Alerta por niveles m\u00e1ximos de  radiaci\u00f3n ultravioleta"},"content":{"rendered":"<p>\nEl Sistema Nacional de Protecci\u00f3n Civil (Sinaproc) dio a conocer que hasta las 5:00 p.m. de hoy habr\u00e1 presencia de \u00edndices m\u00e1ximos de radiaci\u00f3n ultravioleta (UV) sobre todo el pa\u00eds. <\/p>\n<p>Los expertos recomiendan al p\u00fablico evitar exponerse al sol y usar protectores solares. <\/p>\n<p>De acuerdo a la tabla de \u00edndices de radiaci\u00f3n (UV) existir\u00e1 radiaci\u00f3n ultravioleta  \u00abmoderada\u00bb  en la provincia de Chiriqu\u00ed en Las Lajas, Remedios y Tol\u00e9; mientras que para Veraguas en Las Palmas y Son\u00e1. <\/p>\n<p>Habr\u00e1 radiaci\u00f3n ultravioleta  \u00abalta\u00bb  en Bocas del Toro, Comarca Ng\u00f6be Bugl\u00e9, Veraguas (Norte, Centro sur), Col\u00f3n, Guna Yala, Dari\u00e9n, Panam\u00e1, Panam\u00e1 Oeste, Cocl\u00e9, Herrera, Los Santos, Chiriqu\u00ed (tierras altas, tierras bajas). <\/p>\n<p>\u00a0 <\/p>\n","protected":false},"excerpt":{"rendered":"<p>El Sistema Nacional de Protecci\u00f3n Civil (Sinaproc) dio a conocer <a href=\"https:\/\/sertv.gob.pa\/crisolfm\/alerta-por-niveles-maximos-de-radiacion-ultravioleta\/\"> [&#8230;]<\/a><\/p>\n","protected":false},"author":1,"featured_media":7034,"comment_status":"closed","ping_status":"closed","sticky":false,"template":"","format":"standard","meta":{"footnotes":""},"categories":[7],"tags":[],"class_list":["post-7033","post","type-post","status-publish","format-standard","has-post-thumbnail","hentry","category-ecologicas"],"_links":{"self":[{"href":"https:\/\/sertv.gob.pa\/crisolfm\/wp-json\/wp\/v2\/posts\/7033","targetHints":{"allow":["GET"]}}],"collection":[{"href":"https:\/\/sertv.gob.pa\/crisolfm\/wp-json\/wp\/v2\/posts"}],"about":[{"href":"https:\/\/sertv.gob.pa\/crisolfm\/wp-json\/wp\/v2\/types\/post"}],"author":[{"embeddable":true,"href":"https:\/\/sertv.gob.pa\/crisolfm\/wp-json\/wp\/v2\/users\/1"}],"replies":[{"embeddable":true,"href":"https:\/\/sertv.gob.pa\/crisolfm\/wp-json\/wp\/v2\/comments?post=7033"}],"version-history":[{"count":0,"href":"https:\/\/sertv.gob.pa\/crisolfm\/wp-json\/wp\/v2\/posts\/7033\/revisions"}],"wp:featuredmedia":[{"embeddable":true,"href":"https:\/\/sertv.gob.pa\/crisolfm\/wp-json\/wp\/v2\/media\/7034"}],"wp:attachment":[{"href":"https:\/\/sertv.gob.pa\/crisolfm\/wp-json\/wp\/v2\/media?parent=7033"}],"wp:term":[{"taxonomy":"category","embeddable":true,"href":"https:\/\/sertv.gob.pa\/crisolfm\/wp-json\/wp\/v2\/categories?post=7033"},{"taxonomy":"post_tag","embeddable":true,"href":"https:\/\/sertv.gob.pa\/crisolfm\/wp-json\/wp\/v2\/tags?post=7033"}],"curies":[{"name":"wp","href":"https:\/\/api.w.org\/{rel}","templated":true}]}}