{"id":7037,"date":"2016-12-21T15:36:43","date_gmt":"2016-12-21T15:36:43","guid":{"rendered":""},"modified":"2016-12-21T15:36:43","modified_gmt":"2016-12-21T15:36:43","slug":"impacto-del-cambio-climatico-segun-jovenes-africanos","status":"publish","type":"post","link":"https:\/\/sertv.gob.pa\/crisolfm\/impacto-del-cambio-climatico-segun-jovenes-africanos\/","title":{"rendered":"Impacto del cambio clim\u00e1tico, seg\u00fan j\u00f3venes africanos"},"content":{"rendered":"<p>\nOcho de cada diez j\u00f3venes africanos piensan que el cambio clim\u00e1tico afecta negativamente a sus vidas, debido a las sequ\u00edas, los incendios forestales, las inundaciones y el incremento de las enfermedades en los cultivos y en el ganado. <\/p>\n<p>Esas conclusiones fueron reveladas por un estudio efectuado por el Comit\u00e9 Directivo de la cumbre clim\u00e1tica COP22 (celebrada el mes pasado en la ciudad marroqu\u00ed de Marrakech) sobre una muestra de mil 156 j\u00f3venes africanos nacidos entre 1980 y 2000 procedentes de 19 pa\u00edses del continente. <\/p>\n<p>Seg\u00fan la encuesta, el 86% de los j\u00f3venes advirtieron de que las lluvias cada vez son m\u00e1s frecuentes e impredecibles mientras que cerca de cuatro quintos de esas personas destacaron los peligros relacionados con el aumento de las enfermedades en los cultivos y el ganado. <\/p>\n<p>\u00a0 <\/p>\n","protected":false},"excerpt":{"rendered":"<p>Ocho de cada diez j\u00f3venes africanos piensan que el cambio <a href=\"https:\/\/sertv.gob.pa\/crisolfm\/impacto-del-cambio-climatico-segun-jovenes-africanos\/\"> [&#8230;]<\/a><\/p>\n","protected":false},"author":1,"featured_media":7038,"comment_status":"closed","ping_status":"closed","sticky":false,"template":"","format":"standard","meta":{"footnotes":""},"categories":[7],"tags":[],"class_list":["post-7037","post","type-post","status-publish","format-standard","has-post-thumbnail","hentry","category-ecologicas"],"_links":{"self":[{"href":"https:\/\/sertv.gob.pa\/crisolfm\/wp-json\/wp\/v2\/posts\/7037","targetHints":{"allow":["GET"]}}],"collection":[{"href":"https:\/\/sertv.gob.pa\/crisolfm\/wp-json\/wp\/v2\/posts"}],"about":[{"href":"https:\/\/sertv.gob.pa\/crisolfm\/wp-json\/wp\/v2\/types\/post"}],"author":[{"embeddable":true,"href":"https:\/\/sertv.gob.pa\/crisolfm\/wp-json\/wp\/v2\/users\/1"}],"replies":[{"embeddable":true,"href":"https:\/\/sertv.gob.pa\/crisolfm\/wp-json\/wp\/v2\/comments?post=7037"}],"version-history":[{"count":0,"href":"https:\/\/sertv.gob.pa\/crisolfm\/wp-json\/wp\/v2\/posts\/7037\/revisions"}],"wp:featuredmedia":[{"embeddable":true,"href":"https:\/\/sertv.gob.pa\/crisolfm\/wp-json\/wp\/v2\/media\/7038"}],"wp:attachment":[{"href":"https:\/\/sertv.gob.pa\/crisolfm\/wp-json\/wp\/v2\/media?parent=7037"}],"wp:term":[{"taxonomy":"category","embeddable":true,"href":"https:\/\/sertv.gob.pa\/crisolfm\/wp-json\/wp\/v2\/categories?post=7037"},{"taxonomy":"post_tag","embeddable":true,"href":"https:\/\/sertv.gob.pa\/crisolfm\/wp-json\/wp\/v2\/tags?post=7037"}],"curies":[{"name":"wp","href":"https:\/\/api.w.org\/{rel}","templated":true}]}}