{"id":7047,"date":"2016-12-22T15:21:57","date_gmt":"2016-12-22T15:21:57","guid":{"rendered":""},"modified":"2016-12-22T15:21:57","modified_gmt":"2016-12-22T15:21:57","slug":"3-2-millones-asignados-por-onu-para-sequia-en-somalia","status":"publish","type":"post","link":"https:\/\/sertv.gob.pa\/crisolfm\/3-2-millones-asignados-por-onu-para-sequia-en-somalia\/","title":{"rendered":"$3,2 millones asignados por ONU para sequ\u00eda en Somalia"},"content":{"rendered":"<p>\nHoy la agencia humanitaria de la ONU se\u00f1al\u00f3 que asign\u00f3 alrededor de 3,2 millones de d\u00f3lares para apoyar la respuesta humanitaria a familias afectadas por la sequ\u00eda en Somalia. <\/p>\n<p>Peter de Clercq, coordinador humanitario de la ONU para Somalia, manifest\u00f3 que los fondos de Suecia para el Fondo Humanitario de Somalia permitir\u00e1n a los socios humanitarios entregar alimentos y agua limpia, as\u00ed como ofrecer servicios de salud, saneamiento y nutrici\u00f3n. <\/p>\n<p>Seg\u00fan Naciones Unidas, al menos cinco millones de somal\u00edes, m\u00e1s del 40 por ciento de la poblaci\u00f3n del pa\u00eds, necesita ayuda humanitaria, incluyendo m\u00e1s de 320.000 ni\u00f1os menores de cinco a\u00f1os que enfrentan desnutrici\u00f3n aguda. <\/p>\n<p>\u00abSe necesitan m\u00e1s recursos para ayudar a las comunidades afectadas a enfrentar la situaci\u00f3n cada vez m\u00e1s deteriorada antes de que descendamos a\u00fan m\u00e1s hacia un escenario desastroso\u00bb, dijo De Clercq. <\/p>\n<p>\u00a0 <\/p>\n","protected":false},"excerpt":{"rendered":"<p>Hoy la agencia humanitaria de la ONU se\u00f1al\u00f3 que asign\u00f3 <a href=\"https:\/\/sertv.gob.pa\/crisolfm\/3-2-millones-asignados-por-onu-para-sequia-en-somalia\/\"> [&#8230;]<\/a><\/p>\n","protected":false},"author":1,"featured_media":7048,"comment_status":"closed","ping_status":"closed","sticky":false,"template":"","format":"standard","meta":{"footnotes":""},"categories":[7],"tags":[],"class_list":["post-7047","post","type-post","status-publish","format-standard","has-post-thumbnail","hentry","category-ecologicas"],"_links":{"self":[{"href":"https:\/\/sertv.gob.pa\/crisolfm\/wp-json\/wp\/v2\/posts\/7047","targetHints":{"allow":["GET"]}}],"collection":[{"href":"https:\/\/sertv.gob.pa\/crisolfm\/wp-json\/wp\/v2\/posts"}],"about":[{"href":"https:\/\/sertv.gob.pa\/crisolfm\/wp-json\/wp\/v2\/types\/post"}],"author":[{"embeddable":true,"href":"https:\/\/sertv.gob.pa\/crisolfm\/wp-json\/wp\/v2\/users\/1"}],"replies":[{"embeddable":true,"href":"https:\/\/sertv.gob.pa\/crisolfm\/wp-json\/wp\/v2\/comments?post=7047"}],"version-history":[{"count":0,"href":"https:\/\/sertv.gob.pa\/crisolfm\/wp-json\/wp\/v2\/posts\/7047\/revisions"}],"wp:featuredmedia":[{"embeddable":true,"href":"https:\/\/sertv.gob.pa\/crisolfm\/wp-json\/wp\/v2\/media\/7048"}],"wp:attachment":[{"href":"https:\/\/sertv.gob.pa\/crisolfm\/wp-json\/wp\/v2\/media?parent=7047"}],"wp:term":[{"taxonomy":"category","embeddable":true,"href":"https:\/\/sertv.gob.pa\/crisolfm\/wp-json\/wp\/v2\/categories?post=7047"},{"taxonomy":"post_tag","embeddable":true,"href":"https:\/\/sertv.gob.pa\/crisolfm\/wp-json\/wp\/v2\/tags?post=7047"}],"curies":[{"name":"wp","href":"https:\/\/api.w.org\/{rel}","templated":true}]}}