{"id":7061,"date":"2016-12-23T15:29:48","date_gmt":"2016-12-23T15:29:48","guid":{"rendered":""},"modified":"2016-12-23T15:29:48","modified_gmt":"2016-12-23T15:29:48","slug":"carretera-solar-es-inaugurada-por-francia","status":"publish","type":"post","link":"https:\/\/sertv.gob.pa\/crisolfm\/carretera-solar-es-inaugurada-por-francia\/","title":{"rendered":"Carretera solar es inaugurada por Francia"},"content":{"rendered":"<p>\nAyer Francia inaugur\u00f3 el primer tramo de carretera solar del mundo en una v\u00eda local en Normand\u00eda (noroeste), que cuenta con un kil\u00f3metro de extensi\u00f3n y cuyo pavimento est\u00e1 compuesto por paneles solares especialmente s\u00f3lidos. <\/p>\n<p>Se trata de un proyecto pionero con el que se prev\u00e9 alimentar el alumbrado p\u00fablico de un pueblo de 5 mil habitantes. <\/p>\n<p>Sin embargo, el proyecto ha recibido las cr\u00edticas de distintas organizaciones ecologistas que consideran su costo &mdash;5 millones de euros ($5.2 millones)&mdash; &lsquo;desorbitado&#8217; para la cantidad de energ\u00eda que puede producir. <\/p>\n<p>La ministra de Medio Ambiente, S\u00e9gol\u00e8ne Royal, encargada de inaugurar la infraestructura, asegur\u00f3 que se trata de una idea que va en la l\u00ednea de la transici\u00f3n energ\u00e9tica del pa\u00eds hacia las energ\u00edas renovables. <\/p>\n<p>Seg\u00fan su departamento, este tipo de paneles solares est\u00e1n especialmente concebidos para soportar el peso de cualquier veh\u00edculo, incluido el de camiones, y garantizar la adherencia de los neum\u00e1ticos. <\/p>\n<p>Francia tiene un mill\u00f3n de carreteras y asfaltando un cuarto de las mismas, el pa\u00eds alcanzar\u00eda su independencia energ\u00e9tica. <\/p>\n<p>\u00a0 <\/p>\n","protected":false},"excerpt":{"rendered":"<p>Ayer Francia inaugur\u00f3 el primer tramo de carretera solar del <a href=\"https:\/\/sertv.gob.pa\/crisolfm\/carretera-solar-es-inaugurada-por-francia\/\"> [&#8230;]<\/a><\/p>\n","protected":false},"author":1,"featured_media":7062,"comment_status":"closed","ping_status":"closed","sticky":false,"template":"","format":"standard","meta":{"footnotes":""},"categories":[7],"tags":[],"class_list":["post-7061","post","type-post","status-publish","format-standard","has-post-thumbnail","hentry","category-ecologicas"],"_links":{"self":[{"href":"https:\/\/sertv.gob.pa\/crisolfm\/wp-json\/wp\/v2\/posts\/7061","targetHints":{"allow":["GET"]}}],"collection":[{"href":"https:\/\/sertv.gob.pa\/crisolfm\/wp-json\/wp\/v2\/posts"}],"about":[{"href":"https:\/\/sertv.gob.pa\/crisolfm\/wp-json\/wp\/v2\/types\/post"}],"author":[{"embeddable":true,"href":"https:\/\/sertv.gob.pa\/crisolfm\/wp-json\/wp\/v2\/users\/1"}],"replies":[{"embeddable":true,"href":"https:\/\/sertv.gob.pa\/crisolfm\/wp-json\/wp\/v2\/comments?post=7061"}],"version-history":[{"count":0,"href":"https:\/\/sertv.gob.pa\/crisolfm\/wp-json\/wp\/v2\/posts\/7061\/revisions"}],"wp:featuredmedia":[{"embeddable":true,"href":"https:\/\/sertv.gob.pa\/crisolfm\/wp-json\/wp\/v2\/media\/7062"}],"wp:attachment":[{"href":"https:\/\/sertv.gob.pa\/crisolfm\/wp-json\/wp\/v2\/media?parent=7061"}],"wp:term":[{"taxonomy":"category","embeddable":true,"href":"https:\/\/sertv.gob.pa\/crisolfm\/wp-json\/wp\/v2\/categories?post=7061"},{"taxonomy":"post_tag","embeddable":true,"href":"https:\/\/sertv.gob.pa\/crisolfm\/wp-json\/wp\/v2\/tags?post=7061"}],"curies":[{"name":"wp","href":"https:\/\/api.w.org\/{rel}","templated":true}]}}