{"id":70683,"date":"2025-03-20T17:00:20","date_gmt":"2025-03-20T17:00:20","guid":{"rendered":"https:\/\/sertv.gob.pa\/crisolfm\/?p=70683"},"modified":"2025-03-20T17:00:20","modified_gmt":"2025-03-20T17:00:20","slug":"la-presidenta-de-mexico-presentara-reformas-para-la-busqueda-de-desaparecidos-tras-el-polemico-rancho-en-jalisco","status":"publish","type":"post","link":"https:\/\/sertv.gob.pa\/crisolfm\/la-presidenta-de-mexico-presentara-reformas-para-la-busqueda-de-desaparecidos-tras-el-polemico-rancho-en-jalisco\/","title":{"rendered":"La presidenta de M\u00e9xico presentar\u00e1 reformas para la b\u00fasqueda de desaparecidos tras el pol\u00e9mico rancho en Jalisco"},"content":{"rendered":"<p><strong><em>Ciudad de M\u00e9xico (EFE).-<\/em> <\/strong>La presidenta mexicana, Claudia Sheinbaum, anunci\u00f3 este jueves que el pr\u00f3ximo lunes presentar\u00e1 reformas para fortalecer la b\u00fasqueda de personas desaparecidas, sanciones y una base de datos \u00fanica en M\u00e9xico tras la pol\u00e9mica del presunto rancho de desapariciones del narcotr\u00e1fico en Jalisco, estado del occidente.<\/p>\n<p>\u201cEl compromiso (es) que vienen todas estas modificaciones que tienen el objetivo, por un lado, de fortalecer la b\u00fasqueda y por otro lado fortalecer sanciones y generar todas las condiciones para que haya bases de datos \u00fanica en el pa\u00eds, que nos permitan atender el delito (de) desaparici\u00f3n y otros delitos\u00bb, expuso la mandataria.<\/p>\n<p>La gobernante mexicana se\u00f1al\u00f3 en su conferencia matutina que la iniciativa de reforma se presentar\u00e1 porque se deben fortalecer \u201ctodos los mecanismos disponibles para poder prevenir y atender la situaci\u00f3n y atender a las v\u00edctimas\u201d.<\/p>\n<p>Record\u00f3 que actualmente cuando fallece una persona no identificada, no existe una base de datos para lograr esta identificaci\u00f3n, adem\u00e1s de que los estados no est\u00e1n obligados a alertar a todo el pa\u00eds cuando ocurre una desaparici\u00f3n.<\/p>\n<p>\u201cCuestiones de este tipo son las que queremos que queden claramente: a qui\u00e9n le corresponde estatal y federalmente o municipalmente y que quede muy claro que deben quedar en la ley y, si no se hace, tambi\u00e9n sus sanciones a quien administra las bases de datos\u00bb, explic\u00f3.<\/p>\n","protected":false},"excerpt":{"rendered":"<p>Ciudad de M\u00e9xico (EFE).- La presidenta mexicana, Claudia Sheinbaum, anunci\u00f3 <a href=\"https:\/\/sertv.gob.pa\/crisolfm\/la-presidenta-de-mexico-presentara-reformas-para-la-busqueda-de-desaparecidos-tras-el-polemico-rancho-en-jalisco\/\"> [&#8230;]<\/a><\/p>\n","protected":false},"author":9,"featured_media":70684,"comment_status":"closed","ping_status":"closed","sticky":false,"template":"","format":"standard","meta":{"footnotes":""},"categories":[13],"tags":[],"class_list":["post-70683","post","type-post","status-publish","format-standard","has-post-thumbnail","hentry","category-internacionales"],"_links":{"self":[{"href":"https:\/\/sertv.gob.pa\/crisolfm\/wp-json\/wp\/v2\/posts\/70683","targetHints":{"allow":["GET"]}}],"collection":[{"href":"https:\/\/sertv.gob.pa\/crisolfm\/wp-json\/wp\/v2\/posts"}],"about":[{"href":"https:\/\/sertv.gob.pa\/crisolfm\/wp-json\/wp\/v2\/types\/post"}],"author":[{"embeddable":true,"href":"https:\/\/sertv.gob.pa\/crisolfm\/wp-json\/wp\/v2\/users\/9"}],"replies":[{"embeddable":true,"href":"https:\/\/sertv.gob.pa\/crisolfm\/wp-json\/wp\/v2\/comments?post=70683"}],"version-history":[{"count":1,"href":"https:\/\/sertv.gob.pa\/crisolfm\/wp-json\/wp\/v2\/posts\/70683\/revisions"}],"predecessor-version":[{"id":70685,"href":"https:\/\/sertv.gob.pa\/crisolfm\/wp-json\/wp\/v2\/posts\/70683\/revisions\/70685"}],"wp:featuredmedia":[{"embeddable":true,"href":"https:\/\/sertv.gob.pa\/crisolfm\/wp-json\/wp\/v2\/media\/70684"}],"wp:attachment":[{"href":"https:\/\/sertv.gob.pa\/crisolfm\/wp-json\/wp\/v2\/media?parent=70683"}],"wp:term":[{"taxonomy":"category","embeddable":true,"href":"https:\/\/sertv.gob.pa\/crisolfm\/wp-json\/wp\/v2\/categories?post=70683"},{"taxonomy":"post_tag","embeddable":true,"href":"https:\/\/sertv.gob.pa\/crisolfm\/wp-json\/wp\/v2\/tags?post=70683"}],"curies":[{"name":"wp","href":"https:\/\/api.w.org\/{rel}","templated":true}]}}