{"id":7089,"date":"2016-12-28T16:24:08","date_gmt":"2016-12-28T16:24:08","guid":{"rendered":""},"modified":"2016-12-28T16:24:08","modified_gmt":"2016-12-28T16:24:08","slug":"en-chile-exportaciones-forestales-cerraran-con-baja","status":"publish","type":"post","link":"https:\/\/sertv.gob.pa\/crisolfm\/en-chile-exportaciones-forestales-cerraran-con-baja\/","title":{"rendered":"En Chile exportaciones forestales cerrar\u00e1n con baja"},"content":{"rendered":"<p>\nDe acuerdo con empresarios del sector forestal, las exportaciones cerrar\u00e1n este a\u00f1o con $5,300 millones, un 3.0% menos que en 2015. <\/p>\n<p>La merma responde a la disminuci\u00f3n de los precios internacionales de los principales productos forestales, factor que contrarrest\u00f3 un incremento en el volumen de las exportaciones, precis\u00f3 el informe de la Corporaci\u00f3n de la Madera (Corma). <\/p>\n<p>Para 2017, la entidad proyect\u00f3 que las exportaciones forestales tendr\u00e1n un comportamiento similar a 2016, con embarques de entre $5,300 y $5,400 millones. <\/p>\n<p>Fernando Raga, presidente de Corema, explic\u00f3 al presentar los datos que parte importante de la baja se explica por la celulosa, que representa cerca de la mitad de las exportaciones totales del a\u00f1o, cuyos precios han ca\u00eddo un 9.0% en los \u00faltimos 12 meses. Ello, a consecuencia de una menor demanda de su principal mercado de destino, China, por la desaceleraci\u00f3n de su econom\u00eda, a\u00f1adi\u00f3 y mencion\u00f3 como otro factor de la disminuci\u00f3n del valor de las exportaciones la devaluaci\u00f3n de las principales monedas a nivel mundial. <\/p>\n<p>Este \u00faltimo factor afect\u00f3 el desempe\u00f1o de la celulosa blanqueada de eucalipto, cuyos precios disminuyeron un 14.0% en 2016, pese a que los vol\u00famenes exportados se mantuvieron en los mismos niveles de 2015, se\u00f1al\u00f3 Raga. <\/p>\n<p>La baja en los precios de este producto, a\u00f1adi\u00f3, se explica por la apertura de nuevas plantas en Brasil y Uruguay en los \u00faltimos a\u00f1os, que han agregado a la oferta mundial entre tres y cuatro millones de toneladas, ocasionando una sobreoferta en el mercado. <\/p>\n<p>\u00a0 <\/p>\n","protected":false},"excerpt":{"rendered":"<p>De acuerdo con empresarios del sector forestal, las exportaciones cerrar\u00e1n <a href=\"https:\/\/sertv.gob.pa\/crisolfm\/en-chile-exportaciones-forestales-cerraran-con-baja\/\"> [&#8230;]<\/a><\/p>\n","protected":false},"author":1,"featured_media":7090,"comment_status":"closed","ping_status":"closed","sticky":false,"template":"","format":"standard","meta":{"footnotes":""},"categories":[7],"tags":[],"class_list":["post-7089","post","type-post","status-publish","format-standard","has-post-thumbnail","hentry","category-ecologicas"],"_links":{"self":[{"href":"https:\/\/sertv.gob.pa\/crisolfm\/wp-json\/wp\/v2\/posts\/7089","targetHints":{"allow":["GET"]}}],"collection":[{"href":"https:\/\/sertv.gob.pa\/crisolfm\/wp-json\/wp\/v2\/posts"}],"about":[{"href":"https:\/\/sertv.gob.pa\/crisolfm\/wp-json\/wp\/v2\/types\/post"}],"author":[{"embeddable":true,"href":"https:\/\/sertv.gob.pa\/crisolfm\/wp-json\/wp\/v2\/users\/1"}],"replies":[{"embeddable":true,"href":"https:\/\/sertv.gob.pa\/crisolfm\/wp-json\/wp\/v2\/comments?post=7089"}],"version-history":[{"count":0,"href":"https:\/\/sertv.gob.pa\/crisolfm\/wp-json\/wp\/v2\/posts\/7089\/revisions"}],"wp:featuredmedia":[{"embeddable":true,"href":"https:\/\/sertv.gob.pa\/crisolfm\/wp-json\/wp\/v2\/media\/7090"}],"wp:attachment":[{"href":"https:\/\/sertv.gob.pa\/crisolfm\/wp-json\/wp\/v2\/media?parent=7089"}],"wp:term":[{"taxonomy":"category","embeddable":true,"href":"https:\/\/sertv.gob.pa\/crisolfm\/wp-json\/wp\/v2\/categories?post=7089"},{"taxonomy":"post_tag","embeddable":true,"href":"https:\/\/sertv.gob.pa\/crisolfm\/wp-json\/wp\/v2\/tags?post=7089"}],"curies":[{"name":"wp","href":"https:\/\/api.w.org\/{rel}","templated":true}]}}