{"id":7129,"date":"2017-01-03T16:08:01","date_gmt":"2017-01-03T16:08:01","guid":{"rendered":""},"modified":"2017-01-03T16:08:01","modified_gmt":"2017-01-03T16:08:01","slug":"zona-de-mar-chiquita-en-puerto-rico-declarada-reserva-natural","status":"publish","type":"post","link":"https:\/\/sertv.gob.pa\/crisolfm\/zona-de-mar-chiquita-en-puerto-rico-declarada-reserva-natural\/","title":{"rendered":"Zona de Mar Chiquita, en Puerto Rico, declarada reserva natural"},"content":{"rendered":"<p>\nEl gobernador de Puerto Rico, Alejandro Garc\u00eda Padilla, declar\u00f3 reserva natural la zona playera de Mar Chiquita en Manat\u00ed, municipio de la costa norte de la isla caribe\u00f1a. <\/p>\n<p>Garc\u00eda inform\u00f3 a trav\u00e9s de un comunicado de que la orden firmada por Garc\u00eda Padilla declara como pol\u00edtica p\u00fablica la preservaci\u00f3n, restauraci\u00f3n y conservaci\u00f3n de la Reserva Natural Mar Chiquita, que pasar\u00e1 a ser administrada por el Departamento de Recursos Naturales y Ambientales o por el Fideicomiso de Conservaci\u00f3n. <\/p>\n<p>La orden establece que en la regi\u00f3n solo se podr\u00e1n efectuar actividades relacionadas con el ecoturismo y turismo de naturaleza, siempre y cuando las mismas no menoscaben la integridad natural de la zona. <\/p>\n<p>El comunicado destaca que los terrenos de la Playa Mar Chiquita colindan con otros atractivos naturales, culturales y tur\u00edsticos de gran importancia. <\/p>\n<p>Por ello su designaci\u00f3n como reserva natural crear\u00e1 un corredor para unir estos recursos ambientales de la costa norte de Puerto Rico y potenciar su desarrollo para actividades de ecoturismo. <\/p>\n<p>La iniciativa se persigue prolongar el disfrute de los paisajes por los visitantes que pasan por la regi\u00f3n, salvaguardando la integridad de los recursos naturales que en ella se encuentran. <\/p>\n<p>&lsquo;Hoy declaramos reserva natural uno de los principales atractivos de Puerto Rico. El \u00e1rea donde ubica la Playa Mar Chiquita posee gran importancia cultural, tur\u00edstica y paisajista para todos los puertorrique\u00f1os&#8217;, indic\u00f3 durante el acto de firma de la orden Garc\u00eda Padilla. <\/p>\n<p>La regi\u00f3n de Mar Chiquita est\u00e1 compuesta por acantilados, dunas, franjas de bosque, un \u00e1rea de manglar y \u00e1reas de pastoreo, adem\u00e1s de 60 familias de flora. <\/p>\n<p>En el \u00e1rea se ubican varias especies cr\u00edticas y en riesgo de extinci\u00f3n, protegidas por leyes locales y federales. Adem\u00e1s, la regi\u00f3n ha sido clasificada como suelo r\u00fastico y es parte del \u00c1rea de Planificaci\u00f3n Especial de la Zona C\u00e1rsica. <\/p>\n<p>\u00a0 <\/p>\n","protected":false},"excerpt":{"rendered":"<p>El gobernador de Puerto Rico, Alejandro Garc\u00eda Padilla, declar\u00f3 reserva <a href=\"https:\/\/sertv.gob.pa\/crisolfm\/zona-de-mar-chiquita-en-puerto-rico-declarada-reserva-natural\/\"> [&#8230;]<\/a><\/p>\n","protected":false},"author":1,"featured_media":7130,"comment_status":"closed","ping_status":"closed","sticky":false,"template":"","format":"standard","meta":{"footnotes":""},"categories":[7],"tags":[],"class_list":["post-7129","post","type-post","status-publish","format-standard","has-post-thumbnail","hentry","category-ecologicas"],"_links":{"self":[{"href":"https:\/\/sertv.gob.pa\/crisolfm\/wp-json\/wp\/v2\/posts\/7129","targetHints":{"allow":["GET"]}}],"collection":[{"href":"https:\/\/sertv.gob.pa\/crisolfm\/wp-json\/wp\/v2\/posts"}],"about":[{"href":"https:\/\/sertv.gob.pa\/crisolfm\/wp-json\/wp\/v2\/types\/post"}],"author":[{"embeddable":true,"href":"https:\/\/sertv.gob.pa\/crisolfm\/wp-json\/wp\/v2\/users\/1"}],"replies":[{"embeddable":true,"href":"https:\/\/sertv.gob.pa\/crisolfm\/wp-json\/wp\/v2\/comments?post=7129"}],"version-history":[{"count":0,"href":"https:\/\/sertv.gob.pa\/crisolfm\/wp-json\/wp\/v2\/posts\/7129\/revisions"}],"wp:featuredmedia":[{"embeddable":true,"href":"https:\/\/sertv.gob.pa\/crisolfm\/wp-json\/wp\/v2\/media\/7130"}],"wp:attachment":[{"href":"https:\/\/sertv.gob.pa\/crisolfm\/wp-json\/wp\/v2\/media?parent=7129"}],"wp:term":[{"taxonomy":"category","embeddable":true,"href":"https:\/\/sertv.gob.pa\/crisolfm\/wp-json\/wp\/v2\/categories?post=7129"},{"taxonomy":"post_tag","embeddable":true,"href":"https:\/\/sertv.gob.pa\/crisolfm\/wp-json\/wp\/v2\/tags?post=7129"}],"curies":[{"name":"wp","href":"https:\/\/api.w.org\/{rel}","templated":true}]}}