{"id":7173,"date":"2017-01-10T15:50:29","date_gmt":"2017-01-10T15:50:29","guid":{"rendered":""},"modified":"2017-01-10T15:50:29","modified_gmt":"2017-01-10T15:50:29","slug":"feria-de-las-flores-2017-en-boquete","status":"publish","type":"post","link":"https:\/\/sertv.gob.pa\/crisolfm\/feria-de-las-flores-2017-en-boquete\/","title":{"rendered":"Feria de las Flores 2017 en Boquete"},"content":{"rendered":"<p>\nAlrededor de unos 12 millones de d\u00f3lares es la inyecci\u00f3n econ\u00f3mica que genera la Feria Internacional de las Flores y del Caf\u00e9 en el distrito de Boquete en la provincia de Chiriqu\u00ed, que para este a\u00f1o se extender\u00e1 del 12 al 22 de enero con grandes innovaciones en sus jardines y con un clima agradable. <\/p>\n<p>El evento ferial, que se convierte en el primero del a\u00f1o a nivel nacional, espera reunir a m\u00e1s de 150 mil personas durante los 10 d\u00edas de feria, para los que la ocupaci\u00f3n hotelera en el distrito de Boquete se halla al 100%, sin dejar de mencionar que en el distrito de David y \u00e1reas aleda\u00f1as la ocupaci\u00f3n es significativa. <\/p>\n<p>Para Sigilinder Palacios, de la Autoridad de Turismo de Panam\u00e1, el incremento econ\u00f3mico durante este evento es estimable, no solo en la parte tur\u00edstica, ya que sin duda hay un considerable aumento de visitantes durante la feria, sino igualmente para las familias chiricanas que se dedican a negocios informales, transporte y alimentaci\u00f3n, entre otras actividades. <\/p>\n<p>\u00abSin duda, el turismo en la regi\u00f3n chiricana aumenta con la llegada de este evento ferial, el tema del turismo en la regi\u00f3n es un punto importante; miles de extranjeros llegan hasta la regi\u00f3n, sin dejar de mencionar que por su naturaleza y el agradable clima de la regi\u00f3n Boquete, es un \u00e1rea de mucho turismo. Todo se\u00f1ala que para este a\u00f1o las expectativas se superaran al m\u00e1ximo\u00bb, indica la directora de la ATP en Chiriqu\u00ed <\/p>\n<p>\u00a0 <\/p>\n","protected":false},"excerpt":{"rendered":"<p>Alrededor de unos 12 millones de d\u00f3lares es la inyecci\u00f3n <a href=\"https:\/\/sertv.gob.pa\/crisolfm\/feria-de-las-flores-2017-en-boquete\/\"> [&#8230;]<\/a><\/p>\n","protected":false},"author":1,"featured_media":7174,"comment_status":"closed","ping_status":"closed","sticky":false,"template":"","format":"standard","meta":{"footnotes":""},"categories":[6],"tags":[],"class_list":["post-7173","post","type-post","status-publish","format-standard","has-post-thumbnail","hentry","category-culturales"],"_links":{"self":[{"href":"https:\/\/sertv.gob.pa\/crisolfm\/wp-json\/wp\/v2\/posts\/7173","targetHints":{"allow":["GET"]}}],"collection":[{"href":"https:\/\/sertv.gob.pa\/crisolfm\/wp-json\/wp\/v2\/posts"}],"about":[{"href":"https:\/\/sertv.gob.pa\/crisolfm\/wp-json\/wp\/v2\/types\/post"}],"author":[{"embeddable":true,"href":"https:\/\/sertv.gob.pa\/crisolfm\/wp-json\/wp\/v2\/users\/1"}],"replies":[{"embeddable":true,"href":"https:\/\/sertv.gob.pa\/crisolfm\/wp-json\/wp\/v2\/comments?post=7173"}],"version-history":[{"count":0,"href":"https:\/\/sertv.gob.pa\/crisolfm\/wp-json\/wp\/v2\/posts\/7173\/revisions"}],"wp:featuredmedia":[{"embeddable":true,"href":"https:\/\/sertv.gob.pa\/crisolfm\/wp-json\/wp\/v2\/media\/7174"}],"wp:attachment":[{"href":"https:\/\/sertv.gob.pa\/crisolfm\/wp-json\/wp\/v2\/media?parent=7173"}],"wp:term":[{"taxonomy":"category","embeddable":true,"href":"https:\/\/sertv.gob.pa\/crisolfm\/wp-json\/wp\/v2\/categories?post=7173"},{"taxonomy":"post_tag","embeddable":true,"href":"https:\/\/sertv.gob.pa\/crisolfm\/wp-json\/wp\/v2\/tags?post=7173"}],"curies":[{"name":"wp","href":"https:\/\/api.w.org\/{rel}","templated":true}]}}