{"id":7185,"date":"2017-01-11T15:45:10","date_gmt":"2017-01-11T15:45:10","guid":{"rendered":""},"modified":"2017-01-11T15:45:10","modified_gmt":"2017-01-11T15:45:10","slug":"reproduccion-de-insectos-se-afectaria-por-calentamiento-mundial","status":"publish","type":"post","link":"https:\/\/sertv.gob.pa\/crisolfm\/reproduccion-de-insectos-se-afectaria-por-calentamiento-mundial\/","title":{"rendered":"Reproducci\u00f3n de insectos se afectar\u00eda por calentamiento mundial"},"content":{"rendered":"<p>\nDe acuerdo a un estudio publicado por la Universidad de Sheffield, el calentamiento mundial es una mala noticia para los insectos porque puede repercutir en su capacidad de apareamiento. <\/p>\n<p>La conclusi\u00f3n del estudio se bas\u00f3 en el an\u00e1lisis del comportamiento de la mosca de la fruta en un entorno de alza de la temperatura. <\/p>\n<p>El equipo de la Universidad de Sheffield manifest\u00f3 que es probable que los hallazgos sean los mismos para otros insectos. <\/p>\n<p>Adem\u00e1s hall\u00f3 que si los insectos j\u00f3venes son expuestos a un poco de calor sus oportunidades de generar cr\u00edas en la etapa adulta se disminuyen. \u00abLos resultados muestran que incluso peque\u00f1os incrementos en la temperatura podr\u00edan ocasionar una reducci\u00f3n de las poblaciones (de insectos) porque, aunque estos insectos no mueren por el calor leve, producen menos cr\u00edas\u00bb, expres\u00f3 Rhonda Snook, uno de los autores del estudio. <\/p>\n<p>Los insectos que evolucionan en pa\u00edses de latitud elevada son m\u00e1s vulnerables al incremento de la temperatura que los de latitud baja, seg\u00fan el estudio. El estudio fue publicado en la revista Journal of Evolutionary Biology. <\/p>\n<p>\u00a0 <\/p>\n","protected":false},"excerpt":{"rendered":"<p>De acuerdo a un estudio publicado por la Universidad de <a href=\"https:\/\/sertv.gob.pa\/crisolfm\/reproduccion-de-insectos-se-afectaria-por-calentamiento-mundial\/\"> [&#8230;]<\/a><\/p>\n","protected":false},"author":1,"featured_media":7186,"comment_status":"closed","ping_status":"closed","sticky":false,"template":"","format":"standard","meta":{"footnotes":""},"categories":[7],"tags":[],"class_list":["post-7185","post","type-post","status-publish","format-standard","has-post-thumbnail","hentry","category-ecologicas"],"_links":{"self":[{"href":"https:\/\/sertv.gob.pa\/crisolfm\/wp-json\/wp\/v2\/posts\/7185","targetHints":{"allow":["GET"]}}],"collection":[{"href":"https:\/\/sertv.gob.pa\/crisolfm\/wp-json\/wp\/v2\/posts"}],"about":[{"href":"https:\/\/sertv.gob.pa\/crisolfm\/wp-json\/wp\/v2\/types\/post"}],"author":[{"embeddable":true,"href":"https:\/\/sertv.gob.pa\/crisolfm\/wp-json\/wp\/v2\/users\/1"}],"replies":[{"embeddable":true,"href":"https:\/\/sertv.gob.pa\/crisolfm\/wp-json\/wp\/v2\/comments?post=7185"}],"version-history":[{"count":0,"href":"https:\/\/sertv.gob.pa\/crisolfm\/wp-json\/wp\/v2\/posts\/7185\/revisions"}],"wp:featuredmedia":[{"embeddable":true,"href":"https:\/\/sertv.gob.pa\/crisolfm\/wp-json\/wp\/v2\/media\/7186"}],"wp:attachment":[{"href":"https:\/\/sertv.gob.pa\/crisolfm\/wp-json\/wp\/v2\/media?parent=7185"}],"wp:term":[{"taxonomy":"category","embeddable":true,"href":"https:\/\/sertv.gob.pa\/crisolfm\/wp-json\/wp\/v2\/categories?post=7185"},{"taxonomy":"post_tag","embeddable":true,"href":"https:\/\/sertv.gob.pa\/crisolfm\/wp-json\/wp\/v2\/tags?post=7185"}],"curies":[{"name":"wp","href":"https:\/\/api.w.org\/{rel}","templated":true}]}}