{"id":71951,"date":"2025-04-23T15:29:39","date_gmt":"2025-04-23T15:29:39","guid":{"rendered":"https:\/\/sertv.gob.pa\/crisolfm\/?p=71951"},"modified":"2025-04-23T15:29:39","modified_gmt":"2025-04-23T15:29:39","slug":"region-de-salud-de-herrera-celebra-18-anos-del-centro-reintegra","status":"publish","type":"post","link":"https:\/\/sertv.gob.pa\/crisolfm\/region-de-salud-de-herrera-celebra-18-anos-del-centro-reintegra\/","title":{"rendered":"Regi\u00f3n de Salud de Herrera celebra 18 a\u00f1os del Centro Reintegra"},"content":{"rendered":"<div class=\"fusion-fullwidth fullwidth-box fusion-builder-row-1 fusion-flex-container has-pattern-background has-mask-background nonhundred-percent-fullwidth non-hundred-percent-height-scrolling\" style=\"--awb-border-radius-top-left:0px;--awb-border-radius-top-right:0px;--awb-border-radius-bottom-right:0px;--awb-border-radius-bottom-left:0px;--awb-flex-wrap:wrap;\" ><div class=\"fusion-builder-row fusion-row fusion-flex-align-items-flex-start fusion-flex-content-wrap\" style=\"max-width:1144px;margin-left: calc(-4% \/ 2 );margin-right: calc(-4% \/ 2 );\"><div class=\"fusion-layout-column fusion_builder_column fusion-builder-column-0 fusion_builder_column_1_1 1_1 fusion-flex-column\" style=\"--awb-bg-size:cover;--awb-width-large:100%;--awb-margin-top-large:0px;--awb-spacing-right-large:1.92%;--awb-margin-bottom-large:20px;--awb-spacing-left-large:1.92%;--awb-width-medium:100%;--awb-order-medium:0;--awb-spacing-right-medium:1.92%;--awb-spacing-left-medium:1.92%;--awb-width-small:100%;--awb-order-small:0;--awb-spacing-right-small:1.92%;--awb-spacing-left-small:1.92%;\"><div class=\"fusion-column-wrapper fusion-column-has-shadow fusion-flex-justify-content-flex-start fusion-content-layout-column\"><div class=\"fusion-text fusion-text-1\" style=\"--awb-content-alignment:justify;\"><p><em><strong>El Ministerio de Salud (MINSA), a trav\u00e9s de la Regi\u00f3n de Salud de Herrera, celebr\u00f3 el 18\u00b0 aniversario del Centro Reintegra, una instituci\u00f3n dedicada a ofrecer servicios de rehabilitaci\u00f3n integral y habilitaci\u00f3n a ni\u00f1os, ni\u00f1as y j\u00f3venes con discapacidad en la provincia.<\/strong><\/em><\/p>\n<p><em><strong>Desde su creaci\u00f3n, el Centro Reintegra, se ha consolidado como un pilar clave en la atenci\u00f3n a personas con discapacidad, promoviendo la inclusi\u00f3n, el desarrollo personal y la igualdad de oportunidades, a trav\u00e9s de un equipo multidisciplinario comprometido con el bienestar de esta poblaci\u00f3n.<\/strong><\/em><\/p>\n<p><strong>Hilario Correa, director regional de Salud, destac\u00f3 el compromiso del MINSA, con la sostenibilidad y el fortalecimiento de este centro, que durante 18 a\u00f1os ha transformado vidas y familias a trav\u00e9s de una atenci\u00f3n especializada y humanizada.<\/strong><\/p>\n<p><strong>Durante el primer trimestre de 2025, el Centro Reintegra, brind\u00f3 atenci\u00f3n a 313 nuevos usuarios y realiz\u00f3 1,331 reconsultas, reflejando la alta demanda y efectividad de sus servicios.<\/strong><\/p>\n<p><strong>La conmemoraci\u00f3n, incluy\u00f3 la entrega de lentes adaptados gestionados por el centro, presentaciones culturales protagonizadas por los propios pacientes, una exposici\u00f3n de trabajos terap\u00e9uticos, y la entrega de reconocimientos a colaboradores y aliados que han contribuido al crecimiento y consolidaci\u00f3n del centro a lo largo de estos 18 a\u00f1os.<\/strong><\/p>\n<p>Fuente: MINSA<\/p>\n<\/div><div class=\"awb-gallery-wrapper awb-gallery-wrapper-1 button-span-no\" style=\"--more-btn-alignment:center;\"><div style=\"margin:-5px;--awb-bordersize:0px;\" class=\"fusion-gallery fusion-gallery-container fusion-grid-3 fusion-columns-total-3 fusion-gallery-layout-grid fusion-gallery-1\"><div style=\"padding:5px;\" class=\"fusion-grid-column fusion-gallery-column fusion-gallery-column-3 hover-type-none\"><div class=\"fusion-gallery-image\"><a href=\"https:\/\/sertv.gob.pa\/crisolfm\/wp-content\/uploads\/sites\/2\/2025\/04\/ANIVERSARIO-CENTRO-REINTEGRA-2.jpeg\" rel=\"noreferrer\" data-rel=\"iLightbox[gallery_image_1]\" class=\"fusion-lightbox\" target=\"_self\"><img decoding=\"async\" src=\"https:\/\/sertv.gob.pa\/crisolfm\/wp-content\/uploads\/sites\/2\/2025\/04\/ANIVERSARIO-CENTRO-REINTEGRA-2.jpeg\" width=\"600\" height=\"403\" alt=\"\" title=\"ANIVERSARIO CENTRO REINTEGRA 2\" aria-label=\"ANIVERSARIO CENTRO REINTEGRA 2\" class=\"img-responsive wp-image-71953\" srcset=\"https:\/\/sertv.gob.pa\/crisolfm\/wp-content\/uploads\/sites\/2\/2025\/04\/ANIVERSARIO-CENTRO-REINTEGRA-2-200x134.jpeg 200w, https:\/\/sertv.gob.pa\/crisolfm\/wp-content\/uploads\/sites\/2\/2025\/04\/ANIVERSARIO-CENTRO-REINTEGRA-2-400x269.jpeg 400w, https:\/\/sertv.gob.pa\/crisolfm\/wp-content\/uploads\/sites\/2\/2025\/04\/ANIVERSARIO-CENTRO-REINTEGRA-2.jpeg 600w\" sizes=\"(min-width: 2200px) 100vw, (min-width: 784px) 363px, (min-width: 712px) 545px, (min-width: 640px) 712px, \" \/><\/a><\/div><\/div><div style=\"padding:5px;\" class=\"fusion-grid-column fusion-gallery-column fusion-gallery-column-3 hover-type-none\"><div class=\"fusion-gallery-image\"><a href=\"https:\/\/sertv.gob.pa\/crisolfm\/wp-content\/uploads\/sites\/2\/2025\/04\/ANIVERSARIO-CENTRO-REINTEGRA-3.jpg\" rel=\"noreferrer\" data-rel=\"iLightbox[gallery_image_1]\" class=\"fusion-lightbox\" target=\"_self\"><img decoding=\"async\" src=\"https:\/\/sertv.gob.pa\/crisolfm\/wp-content\/uploads\/sites\/2\/2025\/04\/ANIVERSARIO-CENTRO-REINTEGRA-3.jpg\" width=\"600\" height=\"366\" alt=\"\" title=\"ANIVERSARIO CENTRO REINTEGRA 3\" aria-label=\"ANIVERSARIO CENTRO REINTEGRA 3\" class=\"img-responsive wp-image-71954\" srcset=\"https:\/\/sertv.gob.pa\/crisolfm\/wp-content\/uploads\/sites\/2\/2025\/04\/ANIVERSARIO-CENTRO-REINTEGRA-3-200x122.jpg 200w, https:\/\/sertv.gob.pa\/crisolfm\/wp-content\/uploads\/sites\/2\/2025\/04\/ANIVERSARIO-CENTRO-REINTEGRA-3-400x244.jpg 400w, https:\/\/sertv.gob.pa\/crisolfm\/wp-content\/uploads\/sites\/2\/2025\/04\/ANIVERSARIO-CENTRO-REINTEGRA-3.jpg 600w\" sizes=\"(min-width: 2200px) 100vw, (min-width: 784px) 363px, (min-width: 712px) 545px, (min-width: 640px) 712px, \" \/><\/a><\/div><\/div><div style=\"padding:5px;\" class=\"fusion-grid-column fusion-gallery-column fusion-gallery-column-3 hover-type-none\"><div class=\"fusion-gallery-image\"><a href=\"https:\/\/sertv.gob.pa\/crisolfm\/wp-content\/uploads\/sites\/2\/2025\/04\/ANIVERSARIO-CENTRO-REINTEGRA-4.jpg\" rel=\"noreferrer\" data-rel=\"iLightbox[gallery_image_1]\" class=\"fusion-lightbox\" target=\"_self\"><img decoding=\"async\" src=\"https:\/\/sertv.gob.pa\/crisolfm\/wp-content\/uploads\/sites\/2\/2025\/04\/ANIVERSARIO-CENTRO-REINTEGRA-4.jpg\" width=\"738\" height=\"524\" alt=\"\" title=\"ANIVERSARIO CENTRO REINTEGRA 4\" aria-label=\"ANIVERSARIO CENTRO REINTEGRA 4\" class=\"img-responsive wp-image-71955\" srcset=\"https:\/\/sertv.gob.pa\/crisolfm\/wp-content\/uploads\/sites\/2\/2025\/04\/ANIVERSARIO-CENTRO-REINTEGRA-4-200x142.jpg 200w, https:\/\/sertv.gob.pa\/crisolfm\/wp-content\/uploads\/sites\/2\/2025\/04\/ANIVERSARIO-CENTRO-REINTEGRA-4-400x284.jpg 400w, https:\/\/sertv.gob.pa\/crisolfm\/wp-content\/uploads\/sites\/2\/2025\/04\/ANIVERSARIO-CENTRO-REINTEGRA-4-600x426.jpg 600w, https:\/\/sertv.gob.pa\/crisolfm\/wp-content\/uploads\/sites\/2\/2025\/04\/ANIVERSARIO-CENTRO-REINTEGRA-4.jpg 738w\" sizes=\"(min-width: 2200px) 100vw, (min-width: 784px) 363px, (min-width: 712px) 545px, (min-width: 640px) 712px, \" \/><\/a><\/div><\/div><div class=\"clearfix\"><\/div><\/div><\/div><\/div><\/div><\/div><\/div>\n","protected":false},"excerpt":{"rendered":"","protected":false},"author":9,"featured_media":71952,"comment_status":"closed","ping_status":"closed","sticky":false,"template":"","format":"standard","meta":{"footnotes":""},"categories":[14],"tags":[],"class_list":["post-71951","post","type-post","status-publish","format-standard","has-post-thumbnail","hentry","category-salud"],"_links":{"self":[{"href":"https:\/\/sertv.gob.pa\/crisolfm\/wp-json\/wp\/v2\/posts\/71951","targetHints":{"allow":["GET"]}}],"collection":[{"href":"https:\/\/sertv.gob.pa\/crisolfm\/wp-json\/wp\/v2\/posts"}],"about":[{"href":"https:\/\/sertv.gob.pa\/crisolfm\/wp-json\/wp\/v2\/types\/post"}],"author":[{"embeddable":true,"href":"https:\/\/sertv.gob.pa\/crisolfm\/wp-json\/wp\/v2\/users\/9"}],"replies":[{"embeddable":true,"href":"https:\/\/sertv.gob.pa\/crisolfm\/wp-json\/wp\/v2\/comments?post=71951"}],"version-history":[{"count":1,"href":"https:\/\/sertv.gob.pa\/crisolfm\/wp-json\/wp\/v2\/posts\/71951\/revisions"}],"predecessor-version":[{"id":71956,"href":"https:\/\/sertv.gob.pa\/crisolfm\/wp-json\/wp\/v2\/posts\/71951\/revisions\/71956"}],"wp:featuredmedia":[{"embeddable":true,"href":"https:\/\/sertv.gob.pa\/crisolfm\/wp-json\/wp\/v2\/media\/71952"}],"wp:attachment":[{"href":"https:\/\/sertv.gob.pa\/crisolfm\/wp-json\/wp\/v2\/media?parent=71951"}],"wp:term":[{"taxonomy":"category","embeddable":true,"href":"https:\/\/sertv.gob.pa\/crisolfm\/wp-json\/wp\/v2\/categories?post=71951"},{"taxonomy":"post_tag","embeddable":true,"href":"https:\/\/sertv.gob.pa\/crisolfm\/wp-json\/wp\/v2\/tags?post=71951"}],"curies":[{"name":"wp","href":"https:\/\/api.w.org\/{rel}","templated":true}]}}