{"id":72015,"date":"2025-04-24T17:10:01","date_gmt":"2025-04-24T17:10:01","guid":{"rendered":"https:\/\/sertv.gob.pa\/crisolfm\/?p=72015"},"modified":"2025-04-24T17:10:01","modified_gmt":"2025-04-24T17:10:01","slug":"lampara-simbolo-luz-para-el-mundo-llega-al-hospital-aquilino-tejeira","status":"publish","type":"post","link":"https:\/\/sertv.gob.pa\/crisolfm\/lampara-simbolo-luz-para-el-mundo-llega-al-hospital-aquilino-tejeira\/","title":{"rendered":"L\u00e1mpara s\u00edmbolo \u00abLuz para el Mundo\u00bb llega al Hospital Aquilino Tejeira"},"content":{"rendered":"<div class=\"fusion-fullwidth fullwidth-box fusion-builder-row-1 fusion-flex-container nonhundred-percent-fullwidth non-hundred-percent-height-scrolling\" style=\"--awb-border-radius-top-left:0px;--awb-border-radius-top-right:0px;--awb-border-radius-bottom-right:0px;--awb-border-radius-bottom-left:0px;--awb-flex-wrap:wrap;\" ><div class=\"fusion-builder-row fusion-row fusion-flex-align-items-flex-start fusion-flex-content-wrap\" style=\"max-width:1144px;margin-left: calc(-4% \/ 2 );margin-right: calc(-4% \/ 2 );\"><div class=\"fusion-layout-column fusion_builder_column fusion-builder-column-0 fusion_builder_column_1_1 1_1 fusion-flex-column\" style=\"--awb-bg-size:cover;--awb-width-large:100%;--awb-margin-top-large:0px;--awb-spacing-right-large:1.92%;--awb-margin-bottom-large:0px;--awb-spacing-left-large:1.92%;--awb-width-medium:100%;--awb-spacing-right-medium:1.92%;--awb-spacing-left-medium:1.92%;--awb-width-small:100%;--awb-spacing-right-small:1.92%;--awb-spacing-left-small:1.92%;\"><div class=\"fusion-column-wrapper fusion-flex-justify-content-flex-start fusion-content-layout-column\"><div class=\"fusion-text fusion-text-1\"><p><em><strong>En un emotivo acto realizado en el Hospital Aquilino Tejeira de Penonom\u00e9, las enfermeras del Ministerio de Salud (MINSA) en la provincia de Cocl\u00e9, recibieron la l\u00e1mpara s\u00edmbolo \u00abLuz para el Mundo\u00bb, en el marco de la celebraci\u00f3n del centenario de la Asociaci\u00f3n Nacional de Enfermeras de Panam\u00e1 (ANEP).<\/strong><\/em><\/p>\n<p><strong>Deysi Fern\u00e1ndez, jefa regional de enfermer\u00eda en Cocl\u00e9, destac\u00f3 que la l\u00e1mpara representa luz, esperanza, dedicaci\u00f3n y el compromiso en el cuidado del paciente, subrayando la responsabilidad con la que todo el equipo de enfermer\u00eda realiza su labor.<\/strong><\/p>\n<p>Fuente: MINSA<\/p>\n<\/div><div class=\"awb-gallery-wrapper awb-gallery-wrapper-1 button-span-no\" style=\"--more-btn-alignment:center;\"><div style=\"margin:-5px;--awb-bordersize:0px;\" class=\"fusion-gallery fusion-gallery-container fusion-grid-3 fusion-columns-total-1 fusion-gallery-layout-grid fusion-gallery-1\"><div style=\"padding:5px;\" class=\"fusion-grid-column fusion-gallery-column fusion-gallery-column-3 hover-type-none\"><div class=\"fusion-gallery-image\"><a href=\"https:\/\/sertv.gob.pa\/crisolfm\/wp-content\/uploads\/sites\/2\/2025\/04\/LAMPARA-LUZ-PARA-EL-MUNDO-1.jpeg\" rel=\"noreferrer\" data-rel=\"iLightbox[gallery_image_1]\" class=\"fusion-lightbox\" target=\"_self\"><img decoding=\"async\" src=\"https:\/\/sertv.gob.pa\/crisolfm\/wp-content\/uploads\/sites\/2\/2025\/04\/LAMPARA-LUZ-PARA-EL-MUNDO-1.jpeg\" width=\"600\" height=\"397\" alt=\"\" title=\"L\u00c1MPARA LUZ PARA EL MUNDO 1\" aria-label=\"L\u00c1MPARA LUZ PARA EL MUNDO 1\" class=\"img-responsive wp-image-72017\" srcset=\"https:\/\/sertv.gob.pa\/crisolfm\/wp-content\/uploads\/sites\/2\/2025\/04\/LAMPARA-LUZ-PARA-EL-MUNDO-1-200x132.jpeg 200w, https:\/\/sertv.gob.pa\/crisolfm\/wp-content\/uploads\/sites\/2\/2025\/04\/LAMPARA-LUZ-PARA-EL-MUNDO-1-400x265.jpeg 400w, https:\/\/sertv.gob.pa\/crisolfm\/wp-content\/uploads\/sites\/2\/2025\/04\/LAMPARA-LUZ-PARA-EL-MUNDO-1.jpeg 600w\" sizes=\"(min-width: 2200px) 100vw, (min-width: 784px) 363px, (min-width: 712px) 545px, (min-width: 640px) 712px, \" \/><\/a><\/div><\/div><\/div><\/div><\/div><\/div><\/div><\/div>\n","protected":false},"excerpt":{"rendered":"","protected":false},"author":9,"featured_media":72016,"comment_status":"closed","ping_status":"closed","sticky":false,"template":"","format":"standard","meta":{"footnotes":""},"categories":[14],"tags":[],"class_list":["post-72015","post","type-post","status-publish","format-standard","has-post-thumbnail","hentry","category-salud"],"_links":{"self":[{"href":"https:\/\/sertv.gob.pa\/crisolfm\/wp-json\/wp\/v2\/posts\/72015","targetHints":{"allow":["GET"]}}],"collection":[{"href":"https:\/\/sertv.gob.pa\/crisolfm\/wp-json\/wp\/v2\/posts"}],"about":[{"href":"https:\/\/sertv.gob.pa\/crisolfm\/wp-json\/wp\/v2\/types\/post"}],"author":[{"embeddable":true,"href":"https:\/\/sertv.gob.pa\/crisolfm\/wp-json\/wp\/v2\/users\/9"}],"replies":[{"embeddable":true,"href":"https:\/\/sertv.gob.pa\/crisolfm\/wp-json\/wp\/v2\/comments?post=72015"}],"version-history":[{"count":1,"href":"https:\/\/sertv.gob.pa\/crisolfm\/wp-json\/wp\/v2\/posts\/72015\/revisions"}],"predecessor-version":[{"id":72018,"href":"https:\/\/sertv.gob.pa\/crisolfm\/wp-json\/wp\/v2\/posts\/72015\/revisions\/72018"}],"wp:featuredmedia":[{"embeddable":true,"href":"https:\/\/sertv.gob.pa\/crisolfm\/wp-json\/wp\/v2\/media\/72016"}],"wp:attachment":[{"href":"https:\/\/sertv.gob.pa\/crisolfm\/wp-json\/wp\/v2\/media?parent=72015"}],"wp:term":[{"taxonomy":"category","embeddable":true,"href":"https:\/\/sertv.gob.pa\/crisolfm\/wp-json\/wp\/v2\/categories?post=72015"},{"taxonomy":"post_tag","embeddable":true,"href":"https:\/\/sertv.gob.pa\/crisolfm\/wp-json\/wp\/v2\/tags?post=72015"}],"curies":[{"name":"wp","href":"https:\/\/api.w.org\/{rel}","templated":true}]}}