{"id":72207,"date":"2025-04-29T17:22:14","date_gmt":"2025-04-29T17:22:14","guid":{"rendered":"https:\/\/sertv.gob.pa\/crisolfm\/?p=72207"},"modified":"2025-04-29T17:35:57","modified_gmt":"2025-04-29T17:35:57","slug":"docentes-y-tecnicos-participan-en-docencia-sobre-autismo-en-aguadulce","status":"publish","type":"post","link":"https:\/\/sertv.gob.pa\/crisolfm\/docentes-y-tecnicos-participan-en-docencia-sobre-autismo-en-aguadulce\/","title":{"rendered":"Docentes y t\u00e9cnicos participan en docencia sobre Autismo en Aguadulce"},"content":{"rendered":"<div class=\"fusion-fullwidth fullwidth-box fusion-builder-row-1 fusion-flex-container has-pattern-background has-mask-background nonhundred-percent-fullwidth non-hundred-percent-height-scrolling\" style=\"--awb-border-radius-top-left:0px;--awb-border-radius-top-right:0px;--awb-border-radius-bottom-right:0px;--awb-border-radius-bottom-left:0px;--awb-flex-wrap:wrap;\" ><div class=\"fusion-builder-row fusion-row fusion-flex-align-items-flex-start fusion-flex-content-wrap\" style=\"max-width:1144px;margin-left: calc(-4% \/ 2 );margin-right: calc(-4% \/ 2 );\"><div class=\"fusion-layout-column fusion_builder_column fusion-builder-column-0 fusion_builder_column_1_1 1_1 fusion-flex-column\" style=\"--awb-bg-size:cover;--awb-width-large:100%;--awb-margin-top-large:0px;--awb-spacing-right-large:1.92%;--awb-margin-bottom-large:20px;--awb-spacing-left-large:1.92%;--awb-width-medium:100%;--awb-order-medium:0;--awb-spacing-right-medium:1.92%;--awb-spacing-left-medium:1.92%;--awb-width-small:100%;--awb-order-small:0;--awb-spacing-right-small:1.92%;--awb-spacing-left-small:1.92%;\"><div class=\"fusion-column-wrapper fusion-column-has-shadow fusion-flex-justify-content-flex-start fusion-content-layout-column\"><div class=\"fusion-text fusion-text-1\" style=\"--awb-content-alignment:justify;\"><p><em><strong>Una docencia sobre el \u201cTrastorno del Espectro Autista (TEA)\u201d,\u00a0 fue impartida a docentes de Educaci\u00f3n Especial y a especialistas del equipo t\u00e9cnico del Instituto Paname\u00f1o de Habilitaci\u00f3n Especial (IPHE), sede de Aguadulce, como parte de las actividades realizadas en conmemoraci\u00f3n del Mes del Autismo.<\/strong><\/em><\/p>\n<p><strong>La capacitaci\u00f3n, desarrollada en el Instituto Profesional y T\u00e9cnico Industrial de Aguadulce (IPTIA), estuvo a cargo de la mag\u00edster Ana Marciaga, coordinadora regional central del Centro Ann Sullivan Panam\u00e1 (CASPAN) de Veraguas, con el tema: T\u00e9cnicas para el abordaje y ense\u00f1anza a personas con autismo.<\/strong><\/p>\n<p><strong>Durante la jornada, la facilitadora y los participantes compartieron sus experiencias tanto en el aula como en las atenciones t\u00e9cnicas, abordando diversas estrategias y alternativas de habilitaci\u00f3n que pueden aplicarse seg\u00fan las necesidades individuales de cada ni\u00f1o o ni\u00f1a. Adem\u00e1s, se discutieron aportes e informaci\u00f3n clave que pueden brindarse a los padres de familia para afrontar diferentes situaciones en el hogar.<\/strong><\/p>\n<p><strong>La actividad, incluy\u00f3 talleres interactivos y sesiones de reflexi\u00f3n, en las que los asistentes pudieron aprender y practicar nuevas t\u00e9cnicas de relajaci\u00f3n y manejo del estr\u00e9s. La docencia fue muy bien valorada por los docentes y t\u00e9cnicos, quienes expresaron su gratitud y destacaron la importancia de estos espacios para su desarrollo personal y profesional.<\/strong><\/p>\n<p>Fuente: IPHE<\/p>\n<\/div><div class=\"awb-gallery-wrapper awb-gallery-wrapper-1 button-span-no\" style=\"--more-btn-alignment:center;\"><div style=\"margin:-5px;--awb-bordersize:0px;\" class=\"fusion-gallery fusion-gallery-container fusion-grid-3 fusion-columns-total-4 fusion-gallery-layout-grid fusion-gallery-1\"><div style=\"padding:5px;\" class=\"fusion-grid-column fusion-gallery-column fusion-gallery-column-3 hover-type-none\"><div class=\"fusion-gallery-image\"><a href=\"https:\/\/sertv.gob.pa\/crisolfm\/wp-content\/uploads\/sites\/2\/2025\/04\/IPHE-CLASE-SOBRE-AUTISMO-2.jpg\" rel=\"noreferrer\" data-rel=\"iLightbox[gallery_image_1]\" class=\"fusion-lightbox\" target=\"_self\"><img decoding=\"async\" src=\"https:\/\/sertv.gob.pa\/crisolfm\/wp-content\/uploads\/sites\/2\/2025\/04\/IPHE-CLASE-SOBRE-AUTISMO-2.jpg\" width=\"600\" height=\"394\" alt=\"\" title=\"IPHE CLASE SOBRE AUTISMO 2\" aria-label=\"IPHE CLASE SOBRE AUTISMO 2\" class=\"img-responsive wp-image-72209\" srcset=\"https:\/\/sertv.gob.pa\/crisolfm\/wp-content\/uploads\/sites\/2\/2025\/04\/IPHE-CLASE-SOBRE-AUTISMO-2-200x131.jpg 200w, https:\/\/sertv.gob.pa\/crisolfm\/wp-content\/uploads\/sites\/2\/2025\/04\/IPHE-CLASE-SOBRE-AUTISMO-2-400x263.jpg 400w, https:\/\/sertv.gob.pa\/crisolfm\/wp-content\/uploads\/sites\/2\/2025\/04\/IPHE-CLASE-SOBRE-AUTISMO-2.jpg 600w\" sizes=\"(min-width: 2200px) 100vw, (min-width: 784px) 363px, (min-width: 712px) 545px, (min-width: 640px) 712px, \" \/><\/a><\/div><\/div><div style=\"padding:5px;\" class=\"fusion-grid-column fusion-gallery-column fusion-gallery-column-3 hover-type-none\"><div class=\"fusion-gallery-image\"><a href=\"https:\/\/sertv.gob.pa\/crisolfm\/wp-content\/uploads\/sites\/2\/2025\/04\/IPHE-CLASE-SOBRE-AUTISMO-3.jpg\" rel=\"noreferrer\" data-rel=\"iLightbox[gallery_image_1]\" class=\"fusion-lightbox\" target=\"_self\"><img decoding=\"async\" src=\"https:\/\/sertv.gob.pa\/crisolfm\/wp-content\/uploads\/sites\/2\/2025\/04\/IPHE-CLASE-SOBRE-AUTISMO-3.jpg\" width=\"600\" height=\"272\" alt=\"\" title=\"IPHE CLASE SOBRE AUTISMO 3\" aria-label=\"IPHE CLASE SOBRE AUTISMO 3\" class=\"img-responsive wp-image-72210\" srcset=\"https:\/\/sertv.gob.pa\/crisolfm\/wp-content\/uploads\/sites\/2\/2025\/04\/IPHE-CLASE-SOBRE-AUTISMO-3-200x91.jpg 200w, https:\/\/sertv.gob.pa\/crisolfm\/wp-content\/uploads\/sites\/2\/2025\/04\/IPHE-CLASE-SOBRE-AUTISMO-3-400x181.jpg 400w, https:\/\/sertv.gob.pa\/crisolfm\/wp-content\/uploads\/sites\/2\/2025\/04\/IPHE-CLASE-SOBRE-AUTISMO-3.jpg 600w\" sizes=\"(min-width: 2200px) 100vw, (min-width: 784px) 363px, (min-width: 712px) 545px, (min-width: 640px) 712px, \" \/><\/a><\/div><\/div><div style=\"padding:5px;\" class=\"fusion-grid-column fusion-gallery-column fusion-gallery-column-3 hover-type-none\"><div class=\"fusion-gallery-image\"><a href=\"https:\/\/sertv.gob.pa\/crisolfm\/wp-content\/uploads\/sites\/2\/2025\/04\/IPHE-CLASE-SOBRE-AUTISMO-4.jpg\" rel=\"noreferrer\" data-rel=\"iLightbox[gallery_image_1]\" class=\"fusion-lightbox\" target=\"_self\"><img decoding=\"async\" src=\"https:\/\/sertv.gob.pa\/crisolfm\/wp-content\/uploads\/sites\/2\/2025\/04\/IPHE-CLASE-SOBRE-AUTISMO-4.jpg\" width=\"576\" height=\"347\" alt=\"\" title=\"IPHE CLASE SOBRE AUTISMO 4\" aria-label=\"IPHE CLASE SOBRE AUTISMO 4\" class=\"img-responsive wp-image-72211\" srcset=\"https:\/\/sertv.gob.pa\/crisolfm\/wp-content\/uploads\/sites\/2\/2025\/04\/IPHE-CLASE-SOBRE-AUTISMO-4-200x120.jpg 200w, https:\/\/sertv.gob.pa\/crisolfm\/wp-content\/uploads\/sites\/2\/2025\/04\/IPHE-CLASE-SOBRE-AUTISMO-4-400x241.jpg 400w, https:\/\/sertv.gob.pa\/crisolfm\/wp-content\/uploads\/sites\/2\/2025\/04\/IPHE-CLASE-SOBRE-AUTISMO-4.jpg 576w\" sizes=\"(min-width: 2200px) 100vw, (min-width: 784px) 363px, (min-width: 712px) 545px, (min-width: 640px) 712px, \" \/><\/a><\/div><\/div><div class=\"clearfix\"><\/div><div style=\"padding:5px;\" class=\"fusion-grid-column fusion-gallery-column fusion-gallery-column-3 hover-type-none\"><div class=\"fusion-gallery-image\"><a href=\"https:\/\/sertv.gob.pa\/crisolfm\/wp-content\/uploads\/sites\/2\/2025\/04\/IPHE-CLASE-SOBRE-AUTISMO-5.jpg\" rel=\"noreferrer\" data-rel=\"iLightbox[gallery_image_1]\" class=\"fusion-lightbox\" target=\"_self\"><img decoding=\"async\" src=\"https:\/\/sertv.gob.pa\/crisolfm\/wp-content\/uploads\/sites\/2\/2025\/04\/IPHE-CLASE-SOBRE-AUTISMO-5.jpg\" width=\"600\" height=\"416\" alt=\"\" title=\"IPHE CLASE SOBRE AUTISMO 5\" aria-label=\"IPHE CLASE SOBRE AUTISMO 5\" class=\"img-responsive wp-image-72212\" srcset=\"https:\/\/sertv.gob.pa\/crisolfm\/wp-content\/uploads\/sites\/2\/2025\/04\/IPHE-CLASE-SOBRE-AUTISMO-5-200x139.jpg 200w, https:\/\/sertv.gob.pa\/crisolfm\/wp-content\/uploads\/sites\/2\/2025\/04\/IPHE-CLASE-SOBRE-AUTISMO-5-400x277.jpg 400w, https:\/\/sertv.gob.pa\/crisolfm\/wp-content\/uploads\/sites\/2\/2025\/04\/IPHE-CLASE-SOBRE-AUTISMO-5.jpg 600w\" sizes=\"(min-width: 2200px) 100vw, (min-width: 784px) 363px, (min-width: 712px) 545px, (min-width: 640px) 712px, \" \/><\/a><\/div><\/div><\/div><\/div><div class=\"awb-gallery-wrapper awb-gallery-wrapper-2 button-span-no\" style=\"--more-btn-alignment:center;\"><div style=\"margin:-5px;--awb-bordersize:0px;\" class=\"fusion-gallery fusion-gallery-container fusion-grid-3 fusion-columns-total-0 fusion-gallery-layout-grid fusion-gallery-2\"><\/div><\/div><\/div><\/div><\/div><\/div>\n","protected":false},"excerpt":{"rendered":"","protected":false},"author":9,"featured_media":72208,"comment_status":"closed","ping_status":"closed","sticky":false,"template":"","format":"standard","meta":{"footnotes":""},"categories":[14],"tags":[],"class_list":["post-72207","post","type-post","status-publish","format-standard","has-post-thumbnail","hentry","category-salud"],"_links":{"self":[{"href":"https:\/\/sertv.gob.pa\/crisolfm\/wp-json\/wp\/v2\/posts\/72207","targetHints":{"allow":["GET"]}}],"collection":[{"href":"https:\/\/sertv.gob.pa\/crisolfm\/wp-json\/wp\/v2\/posts"}],"about":[{"href":"https:\/\/sertv.gob.pa\/crisolfm\/wp-json\/wp\/v2\/types\/post"}],"author":[{"embeddable":true,"href":"https:\/\/sertv.gob.pa\/crisolfm\/wp-json\/wp\/v2\/users\/9"}],"replies":[{"embeddable":true,"href":"https:\/\/sertv.gob.pa\/crisolfm\/wp-json\/wp\/v2\/comments?post=72207"}],"version-history":[{"count":2,"href":"https:\/\/sertv.gob.pa\/crisolfm\/wp-json\/wp\/v2\/posts\/72207\/revisions"}],"predecessor-version":[{"id":72217,"href":"https:\/\/sertv.gob.pa\/crisolfm\/wp-json\/wp\/v2\/posts\/72207\/revisions\/72217"}],"wp:featuredmedia":[{"embeddable":true,"href":"https:\/\/sertv.gob.pa\/crisolfm\/wp-json\/wp\/v2\/media\/72208"}],"wp:attachment":[{"href":"https:\/\/sertv.gob.pa\/crisolfm\/wp-json\/wp\/v2\/media?parent=72207"}],"wp:term":[{"taxonomy":"category","embeddable":true,"href":"https:\/\/sertv.gob.pa\/crisolfm\/wp-json\/wp\/v2\/categories?post=72207"},{"taxonomy":"post_tag","embeddable":true,"href":"https:\/\/sertv.gob.pa\/crisolfm\/wp-json\/wp\/v2\/tags?post=72207"}],"curies":[{"name":"wp","href":"https:\/\/api.w.org\/{rel}","templated":true}]}}