{"id":7223,"date":"2017-01-16T16:03:14","date_gmt":"2017-01-16T16:03:14","guid":{"rendered":""},"modified":"2017-01-16T16:03:14","modified_gmt":"2017-01-16T16:03:14","slug":"el-valor-ecologico-es-recuperado-por-las-tarantulas-mexicanas","status":"publish","type":"post","link":"https:\/\/sertv.gob.pa\/crisolfm\/el-valor-ecologico-es-recuperado-por-las-tarantulas-mexicanas\/","title":{"rendered":"El valor ecol\u00f3gico es recuperado por las tar\u00e1ntulas mexicanas"},"content":{"rendered":"<p>\nLos habitantes del municipio mexicano de Coyuca de Ben\u00edtez durante muchos a\u00f1os mataban a las tar\u00e1ntulas por considerarlas peligrosas o las comercializaban, pero esta situaci\u00f3n est\u00e1 cambiando gracias a un centro de conservaci\u00f3n que intenta concienciar sobre el valor ecol\u00f3gico de la especie. <\/p>\n<p>La Unidad de Manejo Ambiental Aracne\u00e9, localizada en el sure\u00f1o estado de Guerrero a poca distancia del tur\u00edstico balneario de Acapulco, posee la colecci\u00f3n de tar\u00e1ntulas vivas m\u00e1s grande del mundo, entre ellas la tar\u00e1ntula mexicana de rodillas rojas (Brachypelma smithi), originaria de la zona y bautizada con ese nombre por las franjas rojizas que presentan sus patas. <\/p>\n<p>No obstante, la instalaci\u00f3n, creada en 2014, no solo naci\u00f3 para exhibir la diversidad de estas ex\u00f3ticas criaturas, sino igualmente para que los visitantes \u00abaprender a conocerlas, a cuidarlas y a amarlas\u00bb, afirma en una entrevista con Efe Juan S\u00e1nchez Hinojosa, propietario de Aracne\u00e9. <\/p>\n<p>La tar\u00e1ntula mexicana \u00absufri\u00f3 saqueos, las mataban, y la gente no sabe que es una especie completamente inofensiva\u00bb, asegura S\u00e1nchez. <\/p>\n<p>Adem\u00e1s, de acuerdo con estudios efectuados, se calcula que entre la d\u00e9cada de los ochenta y de los noventa, antes de que entraran en vigor las normas oficiales que protegen la especie, del municipio se extrajeron ilegalmente m\u00e1s de 200.000 tar\u00e1ntulas mexicanas, lo que supuso un duro golpe medioambiental. <\/p>\n<p>Y es que estos ar\u00e1cnidos \u00abrealmente ayudan a la ecolog\u00eda y son pieza fundamental en la cadena alimenticia\u00bb, porque son los que se encargan de \u00abregular todas las poblaciones de insectos\u00bb, resalta S\u00e1nchez, quien recuerda que, por ejemplo, hace medio siglo las tar\u00e1ntulas se soltaban en los sembrad\u00edos de Coyuca para luchar contra las plagas. <\/p>\n<p>\u00abMataban todas las plagas (de insectos) que llegaban a los sembrad\u00edos, y luego entre ellas se mataban y quedaba una tar\u00e1ntula; no hab\u00eda plaga de tar\u00e1ntulas posteriormente\u00bb, relata. <\/p>\n<p>La colecci\u00f3n de Aracne\u00e9 abarca 379 tar\u00e1ntulas exhibidas, entre ellas la Goliat de Burgundy, originaria de Guyana y la m\u00e1s grande conocida, o la tar\u00e1ntula enana de Bolivia, la m\u00e1s peque\u00f1a del mundo, con un tama\u00f1o de solo cinco cent\u00edmetros. <\/p>\n<p>En total, son 47 especies distintas de tar\u00e1ntulas originarias de todos los rincones del planeta. <\/p>\n<p>\u00a0 <\/p>\n<p>\u00a0 <\/p>\n","protected":false},"excerpt":{"rendered":"<p>Los habitantes del municipio mexicano de Coyuca de Ben\u00edtez durante <a href=\"https:\/\/sertv.gob.pa\/crisolfm\/el-valor-ecologico-es-recuperado-por-las-tarantulas-mexicanas\/\"> [&#8230;]<\/a><\/p>\n","protected":false},"author":1,"featured_media":7224,"comment_status":"closed","ping_status":"closed","sticky":false,"template":"","format":"standard","meta":{"footnotes":""},"categories":[7],"tags":[],"class_list":["post-7223","post","type-post","status-publish","format-standard","has-post-thumbnail","hentry","category-ecologicas"],"_links":{"self":[{"href":"https:\/\/sertv.gob.pa\/crisolfm\/wp-json\/wp\/v2\/posts\/7223","targetHints":{"allow":["GET"]}}],"collection":[{"href":"https:\/\/sertv.gob.pa\/crisolfm\/wp-json\/wp\/v2\/posts"}],"about":[{"href":"https:\/\/sertv.gob.pa\/crisolfm\/wp-json\/wp\/v2\/types\/post"}],"author":[{"embeddable":true,"href":"https:\/\/sertv.gob.pa\/crisolfm\/wp-json\/wp\/v2\/users\/1"}],"replies":[{"embeddable":true,"href":"https:\/\/sertv.gob.pa\/crisolfm\/wp-json\/wp\/v2\/comments?post=7223"}],"version-history":[{"count":0,"href":"https:\/\/sertv.gob.pa\/crisolfm\/wp-json\/wp\/v2\/posts\/7223\/revisions"}],"wp:featuredmedia":[{"embeddable":true,"href":"https:\/\/sertv.gob.pa\/crisolfm\/wp-json\/wp\/v2\/media\/7224"}],"wp:attachment":[{"href":"https:\/\/sertv.gob.pa\/crisolfm\/wp-json\/wp\/v2\/media?parent=7223"}],"wp:term":[{"taxonomy":"category","embeddable":true,"href":"https:\/\/sertv.gob.pa\/crisolfm\/wp-json\/wp\/v2\/categories?post=7223"},{"taxonomy":"post_tag","embeddable":true,"href":"https:\/\/sertv.gob.pa\/crisolfm\/wp-json\/wp\/v2\/tags?post=7223"}],"curies":[{"name":"wp","href":"https:\/\/api.w.org\/{rel}","templated":true}]}}