{"id":72267,"date":"2025-04-30T15:36:30","date_gmt":"2025-04-30T15:36:30","guid":{"rendered":"https:\/\/sertv.gob.pa\/crisolfm\/?p=72267"},"modified":"2025-04-30T15:36:30","modified_gmt":"2025-04-30T15:36:30","slug":"bocas-del-toro-supera-las-10-mil-vacunas-aplicadas-contra-la-influenza","status":"publish","type":"post","link":"https:\/\/sertv.gob.pa\/crisolfm\/bocas-del-toro-supera-las-10-mil-vacunas-aplicadas-contra-la-influenza\/","title":{"rendered":"Bocas del Toro supera las 10 mil vacunas aplicadas contra la influenza"},"content":{"rendered":"<div class=\"fusion-fullwidth fullwidth-box fusion-builder-row-1 fusion-flex-container nonhundred-percent-fullwidth non-hundred-percent-height-scrolling\" style=\"--awb-border-radius-top-left:0px;--awb-border-radius-top-right:0px;--awb-border-radius-bottom-right:0px;--awb-border-radius-bottom-left:0px;--awb-flex-wrap:wrap;\" ><div class=\"fusion-builder-row fusion-row fusion-flex-align-items-flex-start fusion-flex-content-wrap\" style=\"max-width:1144px;margin-left: calc(-4% \/ 2 );margin-right: calc(-4% \/ 2 );\"><div class=\"fusion-layout-column fusion_builder_column fusion-builder-column-0 fusion_builder_column_1_1 1_1 fusion-flex-column\" style=\"--awb-bg-size:cover;--awb-width-large:100%;--awb-margin-top-large:0px;--awb-spacing-right-large:1.92%;--awb-margin-bottom-large:0px;--awb-spacing-left-large:1.92%;--awb-width-medium:100%;--awb-spacing-right-medium:1.92%;--awb-spacing-left-medium:1.92%;--awb-width-small:100%;--awb-spacing-right-small:1.92%;--awb-spacing-left-small:1.92%;\"><div class=\"fusion-column-wrapper fusion-flex-justify-content-flex-start fusion-content-layout-column\"><div class=\"fusion-text fusion-text-1\"><p><em><strong>Los equipos de enfermer\u00eda del Ministerio de Salud (MINSA), han aplicado m\u00e1s de 10,005 dosis de la vacuna contra la influenza en Bocas del Toro, como parte de la campa\u00f1a impulsada por el Programa Ampliado de Inmunizaci\u00f3n (PAI).<\/strong><\/em><\/p>\n<p><strong>La estrategia de cobertura casa por casa, ha sido clave para llegar a comunidades fronterizas como: Barranco Adentro, Barranco Medio, 2 Ca\u00f1os, Las Tablas y La Mesa.<\/strong><\/p>\n<p><strong>La jornada tambi\u00e9n se mantiene activa en sectores como: Guabito, Puente Negro, 14 de abril, Boin Boto, y en los centros de salud de la regi\u00f3n.<\/strong><\/p>\n<p><strong>La jefa regional de Enfermer\u00eda, Nelly de Arosemena, resalt\u00f3 el esfuerzo del personal sanitario y el respaldo de las autoridades locales, factores esenciales para alcanzar esta cifra y proteger a la poblaci\u00f3n bocatore\u00f1a.<\/strong><\/p>\n<p><em><strong>La colaboraci\u00f3n comunitaria tambi\u00e9n ha sido determinante en el avance de esta campa\u00f1a, que contin\u00faa llevando salud y prevenci\u00f3n a todos los rincones de la provincia.<\/strong><\/em><\/p>\n<p>Fuente: MINSA<\/p>\n<\/div><div class=\"awb-gallery-wrapper awb-gallery-wrapper-1 button-span-no\" style=\"--more-btn-alignment:center;\"><div style=\"margin:-5px;--awb-bordersize:0px;\" class=\"fusion-gallery fusion-gallery-container fusion-grid-3 fusion-columns-total-3 fusion-gallery-layout-grid fusion-gallery-1\"><div style=\"padding:5px;\" class=\"fusion-grid-column fusion-gallery-column fusion-gallery-column-3 hover-type-none\"><div class=\"fusion-gallery-image\"><a href=\"https:\/\/sertv.gob.pa\/crisolfm\/wp-content\/uploads\/sites\/2\/2025\/04\/BOCAS-VACUNAS-2.jpeg\" rel=\"noreferrer\" data-rel=\"iLightbox[gallery_image_1]\" class=\"fusion-lightbox\" target=\"_self\"><img decoding=\"async\" src=\"https:\/\/sertv.gob.pa\/crisolfm\/wp-content\/uploads\/sites\/2\/2025\/04\/BOCAS-VACUNAS-2.jpeg\" width=\"600\" height=\"496\" alt=\"\" title=\"BOCAS VACUNAS 2\" aria-label=\"BOCAS VACUNAS 2\" class=\"img-responsive wp-image-72269\" srcset=\"https:\/\/sertv.gob.pa\/crisolfm\/wp-content\/uploads\/sites\/2\/2025\/04\/BOCAS-VACUNAS-2-200x165.jpeg 200w, https:\/\/sertv.gob.pa\/crisolfm\/wp-content\/uploads\/sites\/2\/2025\/04\/BOCAS-VACUNAS-2-400x331.jpeg 400w, https:\/\/sertv.gob.pa\/crisolfm\/wp-content\/uploads\/sites\/2\/2025\/04\/BOCAS-VACUNAS-2.jpeg 600w\" sizes=\"(min-width: 2200px) 100vw, (min-width: 784px) 363px, (min-width: 712px) 545px, (min-width: 640px) 712px, \" \/><\/a><\/div><\/div><div style=\"padding:5px;\" class=\"fusion-grid-column fusion-gallery-column fusion-gallery-column-3 hover-type-none\"><div class=\"fusion-gallery-image\"><a href=\"https:\/\/sertv.gob.pa\/crisolfm\/wp-content\/uploads\/sites\/2\/2025\/04\/BOCAS-VACUNAS-3.jpeg\" rel=\"noreferrer\" data-rel=\"iLightbox[gallery_image_1]\" class=\"fusion-lightbox\" target=\"_self\"><img decoding=\"async\" src=\"https:\/\/sertv.gob.pa\/crisolfm\/wp-content\/uploads\/sites\/2\/2025\/04\/BOCAS-VACUNAS-3.jpeg\" width=\"600\" height=\"415\" alt=\"\" title=\"BOCAS VACUNAS 3\" aria-label=\"BOCAS VACUNAS 3\" class=\"img-responsive wp-image-72270\" srcset=\"https:\/\/sertv.gob.pa\/crisolfm\/wp-content\/uploads\/sites\/2\/2025\/04\/BOCAS-VACUNAS-3-200x138.jpeg 200w, https:\/\/sertv.gob.pa\/crisolfm\/wp-content\/uploads\/sites\/2\/2025\/04\/BOCAS-VACUNAS-3-400x277.jpeg 400w, https:\/\/sertv.gob.pa\/crisolfm\/wp-content\/uploads\/sites\/2\/2025\/04\/BOCAS-VACUNAS-3.jpeg 600w\" sizes=\"(min-width: 2200px) 100vw, (min-width: 784px) 363px, (min-width: 712px) 545px, (min-width: 640px) 712px, \" \/><\/a><\/div><\/div><div style=\"padding:5px;\" class=\"fusion-grid-column fusion-gallery-column fusion-gallery-column-3 hover-type-none\"><div class=\"fusion-gallery-image\"><a href=\"https:\/\/sertv.gob.pa\/crisolfm\/wp-content\/uploads\/sites\/2\/2025\/04\/BOCAS-VACUNAS-4.jpeg\" rel=\"noreferrer\" data-rel=\"iLightbox[gallery_image_1]\" class=\"fusion-lightbox\" target=\"_self\"><img decoding=\"async\" src=\"https:\/\/sertv.gob.pa\/crisolfm\/wp-content\/uploads\/sites\/2\/2025\/04\/BOCAS-VACUNAS-4.jpeg\" width=\"600\" height=\"437\" alt=\"\" title=\"BOCAS VACUNAS 4\" aria-label=\"BOCAS VACUNAS 4\" class=\"img-responsive wp-image-72271\" srcset=\"https:\/\/sertv.gob.pa\/crisolfm\/wp-content\/uploads\/sites\/2\/2025\/04\/BOCAS-VACUNAS-4-200x146.jpeg 200w, https:\/\/sertv.gob.pa\/crisolfm\/wp-content\/uploads\/sites\/2\/2025\/04\/BOCAS-VACUNAS-4-400x291.jpeg 400w, https:\/\/sertv.gob.pa\/crisolfm\/wp-content\/uploads\/sites\/2\/2025\/04\/BOCAS-VACUNAS-4.jpeg 600w\" sizes=\"(min-width: 2200px) 100vw, (min-width: 784px) 363px, (min-width: 712px) 545px, (min-width: 640px) 712px, \" \/><\/a><\/div><\/div><div class=\"clearfix\"><\/div><\/div><\/div><\/div><\/div><\/div><\/div>\n","protected":false},"excerpt":{"rendered":"","protected":false},"author":9,"featured_media":72268,"comment_status":"closed","ping_status":"closed","sticky":false,"template":"","format":"standard","meta":{"footnotes":""},"categories":[14],"tags":[],"class_list":["post-72267","post","type-post","status-publish","format-standard","has-post-thumbnail","hentry","category-salud"],"_links":{"self":[{"href":"https:\/\/sertv.gob.pa\/crisolfm\/wp-json\/wp\/v2\/posts\/72267","targetHints":{"allow":["GET"]}}],"collection":[{"href":"https:\/\/sertv.gob.pa\/crisolfm\/wp-json\/wp\/v2\/posts"}],"about":[{"href":"https:\/\/sertv.gob.pa\/crisolfm\/wp-json\/wp\/v2\/types\/post"}],"author":[{"embeddable":true,"href":"https:\/\/sertv.gob.pa\/crisolfm\/wp-json\/wp\/v2\/users\/9"}],"replies":[{"embeddable":true,"href":"https:\/\/sertv.gob.pa\/crisolfm\/wp-json\/wp\/v2\/comments?post=72267"}],"version-history":[{"count":1,"href":"https:\/\/sertv.gob.pa\/crisolfm\/wp-json\/wp\/v2\/posts\/72267\/revisions"}],"predecessor-version":[{"id":72272,"href":"https:\/\/sertv.gob.pa\/crisolfm\/wp-json\/wp\/v2\/posts\/72267\/revisions\/72272"}],"wp:featuredmedia":[{"embeddable":true,"href":"https:\/\/sertv.gob.pa\/crisolfm\/wp-json\/wp\/v2\/media\/72268"}],"wp:attachment":[{"href":"https:\/\/sertv.gob.pa\/crisolfm\/wp-json\/wp\/v2\/media?parent=72267"}],"wp:term":[{"taxonomy":"category","embeddable":true,"href":"https:\/\/sertv.gob.pa\/crisolfm\/wp-json\/wp\/v2\/categories?post=72267"},{"taxonomy":"post_tag","embeddable":true,"href":"https:\/\/sertv.gob.pa\/crisolfm\/wp-json\/wp\/v2\/tags?post=72267"}],"curies":[{"name":"wp","href":"https:\/\/api.w.org\/{rel}","templated":true}]}}