{"id":72343,"date":"2025-05-02T14:49:02","date_gmt":"2025-05-02T14:49:02","guid":{"rendered":"https:\/\/sertv.gob.pa\/crisolfm\/?p=72343"},"modified":"2025-05-02T14:49:02","modified_gmt":"2025-05-02T14:49:02","slug":"medicos-en-cocle-se-capacitan-sobre-enfermedad-renal-cronica-no-tradicional","status":"publish","type":"post","link":"https:\/\/sertv.gob.pa\/crisolfm\/medicos-en-cocle-se-capacitan-sobre-enfermedad-renal-cronica-no-tradicional\/","title":{"rendered":"M\u00e9dicos en Cocl\u00e9 se capacitan sobre Enfermedad Renal Cr\u00f3nica no Tradicional"},"content":{"rendered":"<p><em><strong>El Ministerio de Salud, a trav\u00e9s de las coordinaciones de Docencia y Promoci\u00f3n de la Regi\u00f3n de Salud de Cocl\u00e9, realizaron un taller de capacitaci\u00f3n sobre la enfermedad renal cr\u00f3nica no tradicional, para m\u00e9dicos especialistas y del primer nivel de atenci\u00f3n.<\/strong><\/em><\/p>\n<p><strong>Gladys Hidalgo, directora regional de Salud de Cocl\u00e9, indic\u00f3 que, el objetivo de este taller, es capacitar actores claves sobre la estructura y funci\u00f3n renal, el concepto de la enfermedad y su manejo cl\u00ednico, que les permitir\u00e1 poder realizar promoci\u00f3n, prevenci\u00f3n y atenci\u00f3n oportuna de la enfermedad renal cr\u00f3nica y la enfermedad renal cr\u00f3nica no tradicional.<\/strong><\/p>\n<p>&nbsp;<\/p>\n<p>Fuente: MINSA<\/p>\n","protected":false},"excerpt":{"rendered":"<p>El Ministerio de Salud, a trav\u00e9s de las coordinaciones de <a href=\"https:\/\/sertv.gob.pa\/crisolfm\/medicos-en-cocle-se-capacitan-sobre-enfermedad-renal-cronica-no-tradicional\/\"> [&#8230;]<\/a><\/p>\n","protected":false},"author":9,"featured_media":72344,"comment_status":"closed","ping_status":"closed","sticky":false,"template":"","format":"standard","meta":{"footnotes":""},"categories":[14],"tags":[],"class_list":["post-72343","post","type-post","status-publish","format-standard","has-post-thumbnail","hentry","category-salud"],"_links":{"self":[{"href":"https:\/\/sertv.gob.pa\/crisolfm\/wp-json\/wp\/v2\/posts\/72343","targetHints":{"allow":["GET"]}}],"collection":[{"href":"https:\/\/sertv.gob.pa\/crisolfm\/wp-json\/wp\/v2\/posts"}],"about":[{"href":"https:\/\/sertv.gob.pa\/crisolfm\/wp-json\/wp\/v2\/types\/post"}],"author":[{"embeddable":true,"href":"https:\/\/sertv.gob.pa\/crisolfm\/wp-json\/wp\/v2\/users\/9"}],"replies":[{"embeddable":true,"href":"https:\/\/sertv.gob.pa\/crisolfm\/wp-json\/wp\/v2\/comments?post=72343"}],"version-history":[{"count":1,"href":"https:\/\/sertv.gob.pa\/crisolfm\/wp-json\/wp\/v2\/posts\/72343\/revisions"}],"predecessor-version":[{"id":72345,"href":"https:\/\/sertv.gob.pa\/crisolfm\/wp-json\/wp\/v2\/posts\/72343\/revisions\/72345"}],"wp:featuredmedia":[{"embeddable":true,"href":"https:\/\/sertv.gob.pa\/crisolfm\/wp-json\/wp\/v2\/media\/72344"}],"wp:attachment":[{"href":"https:\/\/sertv.gob.pa\/crisolfm\/wp-json\/wp\/v2\/media?parent=72343"}],"wp:term":[{"taxonomy":"category","embeddable":true,"href":"https:\/\/sertv.gob.pa\/crisolfm\/wp-json\/wp\/v2\/categories?post=72343"},{"taxonomy":"post_tag","embeddable":true,"href":"https:\/\/sertv.gob.pa\/crisolfm\/wp-json\/wp\/v2\/tags?post=72343"}],"curies":[{"name":"wp","href":"https:\/\/api.w.org\/{rel}","templated":true}]}}