{"id":72347,"date":"2025-05-02T15:12:39","date_gmt":"2025-05-02T15:12:39","guid":{"rendered":"https:\/\/sertv.gob.pa\/crisolfm\/?p=72347"},"modified":"2025-05-02T15:12:39","modified_gmt":"2025-05-02T15:12:39","slug":"acto-de-clausura-del-mes-de-concientizacion-sobre-el-autismo-en-reintegra-la-chorrera","status":"publish","type":"post","link":"https:\/\/sertv.gob.pa\/crisolfm\/acto-de-clausura-del-mes-de-concientizacion-sobre-el-autismo-en-reintegra-la-chorrera\/","title":{"rendered":"Acto de clausura del mes de concientizaci\u00f3n sobre el autismo en Reintegra La Chorrera"},"content":{"rendered":"<p><em><strong>En un ambiente de inclusi\u00f3n, alegr\u00eda y participaci\u00f3n, el Centro de Rehabilitaci\u00f3n Integral (Reintegra) de La Chorrera, realiz\u00f3 el acto de clausura del mes de concientizaci\u00f3n sobre el autismo, con actividades dirigidas a ni\u00f1os y sus familias, reafirmando el compromiso institucional con la inclusi\u00f3n y el desarrollo integral de las personas con discapacidad.<\/strong><\/em><\/p>\n<p><strong>La jornada incluy\u00f3 din\u00e1micas sensoriales, juegos interactivos, lectura de cuentos y talleres de pintura, guiados por personal especializado en fonoaudiolog\u00eda, fisioterapia y estimulaci\u00f3n temprana del centro. Estas actividades promovieron la participaci\u00f3n de los ni\u00f1os y fortalecieron los v\u00ednculos familiares.<\/strong><\/p>\n<p><strong>Durante el evento, se cont\u00f3 con la presencia de Ver\u00f3nica Ventura, enlace del despacho de la primera dama, as\u00ed como de representantes del Ministerio de Desarrollo Social (MIDES) y de la Secretar\u00eda Nacional de Discapacidad (SENADIS), quienes respaldaron con su participaci\u00f3n esta importante iniciativa.<\/strong><\/p>\n<p><strong>Como parte simb\u00f3lica del cierre, se realiz\u00f3 una siembra de \u00e1rboles, con el objetivo de unir el mensaje de inclusi\u00f3n con la conciencia ambiental, en el marco del mes del autismo y del mes de la Tierra. Esta acci\u00f3n reafirma el compromiso de promover espacios sostenibles, accesibles y respetuosos con la diversidad.<\/strong><\/p>\n<p><strong>Adem\u00e1s, se desarroll\u00f3 un conversatorio para coordinar proyectos y programas orientados a la atenci\u00f3n de personas con discapacidad y la equiparaci\u00f3n de oportunidades en la provincia de Panam\u00e1 Oeste. En esta reuni\u00f3n participaron: Jorge Melo, director m\u00e9dico de la Regi\u00f3n de Salud del MINSA en Panam\u00e1 Oeste; Clarissa Vega, directora m\u00e9dica del Centro Reintegra La Chorrera; Guillermo Tejada, director de la Oficina Nacional de Discapacidad; y las asesoras t\u00e9cnicas Ang\u00e9lica Baysa y Ayleen Vel\u00e1squez.<\/strong><\/p>\n<p><em><strong>Con esta clausura, el Ministerio de Salud, reitera su compromiso de seguir fortaleciendo los servicios inclusivos y promoviendo la conciencia social sobre la importancia del respeto, la empat\u00eda y el acompa\u00f1amiento a las personas con trastorno del espectro autista y sus familias.<\/strong><\/em><\/p>\n<p>&nbsp;<\/p>\n<p>Fuente: MINSA<\/p>\n","protected":false},"excerpt":{"rendered":"<p>En un ambiente de inclusi\u00f3n, alegr\u00eda y participaci\u00f3n, el Centro <a href=\"https:\/\/sertv.gob.pa\/crisolfm\/acto-de-clausura-del-mes-de-concientizacion-sobre-el-autismo-en-reintegra-la-chorrera\/\"> [&#8230;]<\/a><\/p>\n","protected":false},"author":9,"featured_media":72348,"comment_status":"closed","ping_status":"closed","sticky":false,"template":"","format":"standard","meta":{"footnotes":""},"categories":[14],"tags":[],"class_list":["post-72347","post","type-post","status-publish","format-standard","has-post-thumbnail","hentry","category-salud"],"_links":{"self":[{"href":"https:\/\/sertv.gob.pa\/crisolfm\/wp-json\/wp\/v2\/posts\/72347","targetHints":{"allow":["GET"]}}],"collection":[{"href":"https:\/\/sertv.gob.pa\/crisolfm\/wp-json\/wp\/v2\/posts"}],"about":[{"href":"https:\/\/sertv.gob.pa\/crisolfm\/wp-json\/wp\/v2\/types\/post"}],"author":[{"embeddable":true,"href":"https:\/\/sertv.gob.pa\/crisolfm\/wp-json\/wp\/v2\/users\/9"}],"replies":[{"embeddable":true,"href":"https:\/\/sertv.gob.pa\/crisolfm\/wp-json\/wp\/v2\/comments?post=72347"}],"version-history":[{"count":1,"href":"https:\/\/sertv.gob.pa\/crisolfm\/wp-json\/wp\/v2\/posts\/72347\/revisions"}],"predecessor-version":[{"id":72349,"href":"https:\/\/sertv.gob.pa\/crisolfm\/wp-json\/wp\/v2\/posts\/72347\/revisions\/72349"}],"wp:featuredmedia":[{"embeddable":true,"href":"https:\/\/sertv.gob.pa\/crisolfm\/wp-json\/wp\/v2\/media\/72348"}],"wp:attachment":[{"href":"https:\/\/sertv.gob.pa\/crisolfm\/wp-json\/wp\/v2\/media?parent=72347"}],"wp:term":[{"taxonomy":"category","embeddable":true,"href":"https:\/\/sertv.gob.pa\/crisolfm\/wp-json\/wp\/v2\/categories?post=72347"},{"taxonomy":"post_tag","embeddable":true,"href":"https:\/\/sertv.gob.pa\/crisolfm\/wp-json\/wp\/v2\/tags?post=72347"}],"curies":[{"name":"wp","href":"https:\/\/api.w.org\/{rel}","templated":true}]}}