{"id":72424,"date":"2025-05-05T18:08:35","date_gmt":"2025-05-05T18:08:35","guid":{"rendered":"https:\/\/sertv.gob.pa\/crisolfm\/?p=72424"},"modified":"2025-05-05T18:08:35","modified_gmt":"2025-05-05T18:08:35","slug":"minsa-realizara-gira-de-salud-en-rio-indio-en-costa-abajo-de-colon","status":"publish","type":"post","link":"https:\/\/sertv.gob.pa\/crisolfm\/minsa-realizara-gira-de-salud-en-rio-indio-en-costa-abajo-de-colon\/","title":{"rendered":"MINSA realizar\u00e1 gira de salud en R\u00edo Indio en Costa Abajo de Col\u00f3n"},"content":{"rendered":"<p><em><strong>El Ministerio de Salud (MINSA), desarrollar\u00e1 durante los d\u00edas 6 y 7 de mayo, una gira m\u00e9dica a la comunidad de R\u00edo Indio en la Costa Abajo de Col\u00f3n, con el fin de reforzar el servicio de atenci\u00f3n que se brinda a los distritos de Chagres y Donoso.<\/strong><\/em><\/p>\n<p><strong>Durante estos d\u00edas, se brindar\u00e1 la cartera de servicios a los asistentes en registros m\u00e9dicos, peso y talla, vacunaci\u00f3n, medicina general, odontolog\u00eda, farmacia, laboratorio, control de vectores, saneamiento ambiental, entre otras atenciones.<\/strong><\/p>\n<p><em><strong>La atenci\u00f3n se brindar\u00e1 en el Centro Educativo Gil Beteg\u00f3n desde las 7:00 a.m. en adelante.<\/strong><\/em><\/p>\n<p><strong>Esta coordinaci\u00f3n es dirigida por Nancy Torres, directora regional del MINSA en Col\u00f3n y contar\u00e1 con el apoyo de la Autoridad del Canal de Panam\u00e1.<\/strong><\/p>\n<p>&nbsp;<\/p>\n<p>Fuente: MINSA<\/p>\n","protected":false},"excerpt":{"rendered":"<p>El Ministerio de Salud (MINSA), desarrollar\u00e1 durante los d\u00edas 6 <a href=\"https:\/\/sertv.gob.pa\/crisolfm\/minsa-realizara-gira-de-salud-en-rio-indio-en-costa-abajo-de-colon\/\"> [&#8230;]<\/a><\/p>\n","protected":false},"author":9,"featured_media":72425,"comment_status":"closed","ping_status":"closed","sticky":false,"template":"","format":"standard","meta":{"footnotes":""},"categories":[14],"tags":[],"class_list":["post-72424","post","type-post","status-publish","format-standard","has-post-thumbnail","hentry","category-salud"],"_links":{"self":[{"href":"https:\/\/sertv.gob.pa\/crisolfm\/wp-json\/wp\/v2\/posts\/72424","targetHints":{"allow":["GET"]}}],"collection":[{"href":"https:\/\/sertv.gob.pa\/crisolfm\/wp-json\/wp\/v2\/posts"}],"about":[{"href":"https:\/\/sertv.gob.pa\/crisolfm\/wp-json\/wp\/v2\/types\/post"}],"author":[{"embeddable":true,"href":"https:\/\/sertv.gob.pa\/crisolfm\/wp-json\/wp\/v2\/users\/9"}],"replies":[{"embeddable":true,"href":"https:\/\/sertv.gob.pa\/crisolfm\/wp-json\/wp\/v2\/comments?post=72424"}],"version-history":[{"count":1,"href":"https:\/\/sertv.gob.pa\/crisolfm\/wp-json\/wp\/v2\/posts\/72424\/revisions"}],"predecessor-version":[{"id":72426,"href":"https:\/\/sertv.gob.pa\/crisolfm\/wp-json\/wp\/v2\/posts\/72424\/revisions\/72426"}],"wp:featuredmedia":[{"embeddable":true,"href":"https:\/\/sertv.gob.pa\/crisolfm\/wp-json\/wp\/v2\/media\/72425"}],"wp:attachment":[{"href":"https:\/\/sertv.gob.pa\/crisolfm\/wp-json\/wp\/v2\/media?parent=72424"}],"wp:term":[{"taxonomy":"category","embeddable":true,"href":"https:\/\/sertv.gob.pa\/crisolfm\/wp-json\/wp\/v2\/categories?post=72424"},{"taxonomy":"post_tag","embeddable":true,"href":"https:\/\/sertv.gob.pa\/crisolfm\/wp-json\/wp\/v2\/tags?post=72424"}],"curies":[{"name":"wp","href":"https:\/\/api.w.org\/{rel}","templated":true}]}}