{"id":72481,"date":"2025-05-06T16:55:49","date_gmt":"2025-05-06T16:55:49","guid":{"rendered":"https:\/\/sertv.gob.pa\/crisolfm\/?p=72481"},"modified":"2025-05-06T16:55:49","modified_gmt":"2025-05-06T16:55:49","slug":"despacho-de-la-primera-dama-y-minsa-coordinan-atenciones-medicas-pedregal-y-las-lajas","status":"publish","type":"post","link":"https:\/\/sertv.gob.pa\/crisolfm\/despacho-de-la-primera-dama-y-minsa-coordinan-atenciones-medicas-pedregal-y-las-lajas\/","title":{"rendered":"Despacho de la Primera Dama y MINSA coordinan atenciones m\u00e9dicas Pedregal y Las Lajas"},"content":{"rendered":"<p><em><strong>La cuarta campa\u00f1a del Programa Amor sobre Ruedas, impulsado por el Despacho de la Primera Dama de la Rep\u00fablica de Panam\u00e1, Maricel Cohen de Mulino, en coordinaci\u00f3n con el Ministerio de Salud, dio inicio a partir de este lunes, 5 de mayo, en el corregimiento de Pedregal, distrito de David,\u00a0 para finalizar, el mi\u00e9rcoles, 7 de mayo.<\/strong><\/em><\/p>\n<p><strong>Las autoridades, mencionaron que, continuar\u00e1 el jueves y viernes en Las Lajas, distrito de San F\u00e9lix.<\/strong><\/p>\n<p><strong>Durante la jornada, el equipo t\u00e9cnico del Ministerio de Salud (MINSA), realizar\u00e1 electrocardiogramas, ultrasonidos p\u00e9lvicos, mamograf\u00edas e implantaci\u00f3n de m\u00e9todos anticonceptivos.<\/strong><\/p>\n<p><strong>Tambi\u00e9n se ofrecer\u00e1n pruebas de Papanicolaou, ex\u00e1menes de glicemia y pruebas para detectar el Virus de Inmunodeficiencia Humana (VIH).<\/strong><\/p>\n<p><strong>Este programa, ejecutado en conjunto por los ministerios de la Presidencia y de Salud, tiene como objetivo, acercar servicios m\u00e9dicos especializados a poblaciones vulnerables que no est\u00e1n cubiertas por el sistema de seguridad social.<\/strong><\/p>\n<p>&nbsp;<\/p>\n<p>Fuente: MINSA<\/p>\n","protected":false},"excerpt":{"rendered":"<p>La cuarta campa\u00f1a del Programa Amor sobre Ruedas, impulsado por <a href=\"https:\/\/sertv.gob.pa\/crisolfm\/despacho-de-la-primera-dama-y-minsa-coordinan-atenciones-medicas-pedregal-y-las-lajas\/\"> [&#8230;]<\/a><\/p>\n","protected":false},"author":9,"featured_media":72482,"comment_status":"closed","ping_status":"closed","sticky":false,"template":"","format":"standard","meta":{"footnotes":""},"categories":[14],"tags":[],"class_list":["post-72481","post","type-post","status-publish","format-standard","has-post-thumbnail","hentry","category-salud"],"_links":{"self":[{"href":"https:\/\/sertv.gob.pa\/crisolfm\/wp-json\/wp\/v2\/posts\/72481","targetHints":{"allow":["GET"]}}],"collection":[{"href":"https:\/\/sertv.gob.pa\/crisolfm\/wp-json\/wp\/v2\/posts"}],"about":[{"href":"https:\/\/sertv.gob.pa\/crisolfm\/wp-json\/wp\/v2\/types\/post"}],"author":[{"embeddable":true,"href":"https:\/\/sertv.gob.pa\/crisolfm\/wp-json\/wp\/v2\/users\/9"}],"replies":[{"embeddable":true,"href":"https:\/\/sertv.gob.pa\/crisolfm\/wp-json\/wp\/v2\/comments?post=72481"}],"version-history":[{"count":1,"href":"https:\/\/sertv.gob.pa\/crisolfm\/wp-json\/wp\/v2\/posts\/72481\/revisions"}],"predecessor-version":[{"id":72483,"href":"https:\/\/sertv.gob.pa\/crisolfm\/wp-json\/wp\/v2\/posts\/72481\/revisions\/72483"}],"wp:featuredmedia":[{"embeddable":true,"href":"https:\/\/sertv.gob.pa\/crisolfm\/wp-json\/wp\/v2\/media\/72482"}],"wp:attachment":[{"href":"https:\/\/sertv.gob.pa\/crisolfm\/wp-json\/wp\/v2\/media?parent=72481"}],"wp:term":[{"taxonomy":"category","embeddable":true,"href":"https:\/\/sertv.gob.pa\/crisolfm\/wp-json\/wp\/v2\/categories?post=72481"},{"taxonomy":"post_tag","embeddable":true,"href":"https:\/\/sertv.gob.pa\/crisolfm\/wp-json\/wp\/v2\/tags?post=72481"}],"curies":[{"name":"wp","href":"https:\/\/api.w.org\/{rel}","templated":true}]}}