{"id":72484,"date":"2025-05-06T17:56:41","date_gmt":"2025-05-06T17:56:41","guid":{"rendered":"https:\/\/sertv.gob.pa\/crisolfm\/?p=72484"},"modified":"2025-05-06T17:56:41","modified_gmt":"2025-05-06T17:56:41","slug":"escuela-vocacional-especial-del-iphe-impulsa-la-gestion-de-prevencion-de-riesgos-y-desastres-gird","status":"publish","type":"post","link":"https:\/\/sertv.gob.pa\/crisolfm\/escuela-vocacional-especial-del-iphe-impulsa-la-gestion-de-prevencion-de-riesgos-y-desastres-gird\/","title":{"rendered":"Escuela Vocacional Especial del IPHE Impulsa la Gesti\u00f3n de Prevenci\u00f3n de Riesgos y Desastres (GIRD)"},"content":{"rendered":"<p><em><strong>La Escuela Vocacional Especial (EVE) del Instituto Paname\u00f1o de Habilitaci\u00f3n Especial (IPHE), particip\u00f3 en reuniones convocadas por la Comisi\u00f3n de Riesgo Institucional, que se alinea con los objetivos de la Comisi\u00f3n de Gesti\u00f3n Integral de Riesgo con Enfoque Inclusivo del IPHE (CGIRD), cuyo lema es \u00abGIRD oportuna, segura y preparada con capacidades enfocadas hacia una comunidad inclusiva.\u00bb<\/strong><\/em><\/p>\n<p><strong>En la reuni\u00f3n mensual del Comit\u00e9 de Gesti\u00f3n de Riesgos de la EVE, se destac\u00f3 la organizaci\u00f3n de brigadas estudiantiles a consolidarse en el segundo trimestre, el inicio de un curso de Primeros Auxilios para un segundo grupo de docentes, con el objetivo de fortalecer las capacidades de respuesta ante emergencias y mejorar la se\u00f1alizaci\u00f3n de seguridad en la escuela.<\/strong><\/p>\n<p><strong>Los objetivos principales de la GIRD, es empoderar a los integrantes para que sean actores clave en el dise\u00f1o y ejecuci\u00f3n de estrategias para la gesti\u00f3n de riesgos con enfoque inclusivo, tanto a nivel institucional como interinstitucional. Entre los objetivos espec\u00edficos se encuentran el desarrollo de capacidades en los equipos de trabajo, el aumento de la protecci\u00f3n y resiliencia de la poblaci\u00f3n con discapacidad, y el fortalecimiento de la comunicaci\u00f3n institucional sobre la gesti\u00f3n de riesgos.<\/strong><\/p>\n<p><strong>Este programa, se enmarca en el Decreto Ejecutivo N\u00b0 66 del 22 de diciembre de 2022, que regula la educaci\u00f3n ambiental y la gesti\u00f3n integral de riesgos en las escuelas. Las proyecciones de la Comisi\u00f3n de Gesti\u00f3n Integral de Riesgo del IPHE, incluyen la actualizaci\u00f3n de recursos, la mejora del sitio web, la elaboraci\u00f3n de recursos con enfoque inclusivo, la promoci\u00f3n de actividades, el fortalecimiento de alianzas interinstitucionales, y el seguimiento a las capacitaciones y actualizaci\u00f3n de planes de emergencia, alineados con las nuevas disposiciones del Ministerio de Educaci\u00f3n (MEDUCA).<\/strong><\/p>\n<p><strong>En resumen, la EVE del IPHE, a trav\u00e9s de su participaci\u00f3n activa en el programa, demuestra su firme compromiso con la prevenci\u00f3n de riesgos y la creaci\u00f3n de un entorno seguro e inclusivo para todos sus estudiantes. La formaci\u00f3n en primeros auxilios y la preparaci\u00f3n de simulacros son elementos clave para lograr este objetivo, contribuyendo a la creaci\u00f3n de comunidades resilientes capaces de enfrentar cualquier eventualidad.<\/strong><\/p>\n<p>&nbsp;<\/p>\n<p>Fuente: IPHE<\/p>\n","protected":false},"excerpt":{"rendered":"<p>La Escuela Vocacional Especial (EVE) del Instituto Paname\u00f1o de Habilitaci\u00f3n <a href=\"https:\/\/sertv.gob.pa\/crisolfm\/escuela-vocacional-especial-del-iphe-impulsa-la-gestion-de-prevencion-de-riesgos-y-desastres-gird\/\"> [&#8230;]<\/a><\/p>\n","protected":false},"author":9,"featured_media":72485,"comment_status":"closed","ping_status":"closed","sticky":false,"template":"","format":"standard","meta":{"footnotes":""},"categories":[14],"tags":[],"class_list":["post-72484","post","type-post","status-publish","format-standard","has-post-thumbnail","hentry","category-salud"],"_links":{"self":[{"href":"https:\/\/sertv.gob.pa\/crisolfm\/wp-json\/wp\/v2\/posts\/72484","targetHints":{"allow":["GET"]}}],"collection":[{"href":"https:\/\/sertv.gob.pa\/crisolfm\/wp-json\/wp\/v2\/posts"}],"about":[{"href":"https:\/\/sertv.gob.pa\/crisolfm\/wp-json\/wp\/v2\/types\/post"}],"author":[{"embeddable":true,"href":"https:\/\/sertv.gob.pa\/crisolfm\/wp-json\/wp\/v2\/users\/9"}],"replies":[{"embeddable":true,"href":"https:\/\/sertv.gob.pa\/crisolfm\/wp-json\/wp\/v2\/comments?post=72484"}],"version-history":[{"count":1,"href":"https:\/\/sertv.gob.pa\/crisolfm\/wp-json\/wp\/v2\/posts\/72484\/revisions"}],"predecessor-version":[{"id":72486,"href":"https:\/\/sertv.gob.pa\/crisolfm\/wp-json\/wp\/v2\/posts\/72484\/revisions\/72486"}],"wp:featuredmedia":[{"embeddable":true,"href":"https:\/\/sertv.gob.pa\/crisolfm\/wp-json\/wp\/v2\/media\/72485"}],"wp:attachment":[{"href":"https:\/\/sertv.gob.pa\/crisolfm\/wp-json\/wp\/v2\/media?parent=72484"}],"wp:term":[{"taxonomy":"category","embeddable":true,"href":"https:\/\/sertv.gob.pa\/crisolfm\/wp-json\/wp\/v2\/categories?post=72484"},{"taxonomy":"post_tag","embeddable":true,"href":"https:\/\/sertv.gob.pa\/crisolfm\/wp-json\/wp\/v2\/tags?post=72484"}],"curies":[{"name":"wp","href":"https:\/\/api.w.org\/{rel}","templated":true}]}}