{"id":7257,"date":"2017-01-19T16:13:44","date_gmt":"2017-01-19T16:13:44","guid":{"rendered":""},"modified":"2017-01-19T16:13:44","modified_gmt":"2017-01-19T16:13:44","slug":"irena-insta-a-acelerar-el-uso-de-energias-renovables","status":"publish","type":"post","link":"https:\/\/sertv.gob.pa\/crisolfm\/irena-insta-a-acelerar-el-uso-de-energias-renovables\/","title":{"rendered":"Irena insta a acelerar el uso de energ\u00edas renovables"},"content":{"rendered":"<p>\nLa Agencia Internacional de Energ\u00edas Renovables (Irena) empez\u00f3 hoy su s\u00e9ptima asamblea general insistiendo en acelerar el crecimiento de las energ\u00edas renovables para conseguir un mundo sostenible, bajo en emisiones de carbono. <\/p>\n<p>&lsquo;Estamos ante una transformaci\u00f3n energ\u00e9tica sin precedentes, alentada por la bajada de los costes de producci\u00f3n y la r\u00e1pida innovaci\u00f3n, que han hecho que las soluciones basadas en renovables sean una gran opci\u00f3n&#8217;, expres\u00f3 el director general de la agencia, Adnan Amin, durante su intervenci\u00f3n en la ceremonia de apertura. <\/p>\n<p>Las energ\u00edas limpias son &lsquo;de fiar&#8217; y de &lsquo;bajo coste&#8217; y su uso ayudar\u00eda a &lsquo;mitigar&#8217; los efectos del cambio clim\u00e1tico, a la creaci\u00f3n de empleo, al crecimiento econ\u00f3mico global y a un desarrollo sostenible, subray\u00f3 desde Abu Dhabi, sede de esta agencia internacional. Sobre este punto, indic\u00f3 que &lsquo;duplicar la cuota&#8217; de las renovables es una de las principales metas que se ha marcado la agencia, para lo que &mdash;seg\u00fan Amin&mdash; es necesario un crecimiento anual del 1% en la generaci\u00f3n de energ\u00eda limpia &mdash;6 veces m\u00e1s de lo que se produce actualmente&mdash;. <\/p>\n<p>Para lograr este prop\u00f3sito har\u00eda falta potenciar el uso de renovables en calefacci\u00f3n, climatizaci\u00f3n, industria y transporte, entre otros. <\/p>\n<p>\u00a0 <\/p>\n","protected":false},"excerpt":{"rendered":"<p>La Agencia Internacional de Energ\u00edas Renovables (Irena) empez\u00f3 hoy su <a href=\"https:\/\/sertv.gob.pa\/crisolfm\/irena-insta-a-acelerar-el-uso-de-energias-renovables\/\"> [&#8230;]<\/a><\/p>\n","protected":false},"author":1,"featured_media":7258,"comment_status":"closed","ping_status":"closed","sticky":false,"template":"","format":"standard","meta":{"footnotes":""},"categories":[7],"tags":[],"class_list":["post-7257","post","type-post","status-publish","format-standard","has-post-thumbnail","hentry","category-ecologicas"],"_links":{"self":[{"href":"https:\/\/sertv.gob.pa\/crisolfm\/wp-json\/wp\/v2\/posts\/7257","targetHints":{"allow":["GET"]}}],"collection":[{"href":"https:\/\/sertv.gob.pa\/crisolfm\/wp-json\/wp\/v2\/posts"}],"about":[{"href":"https:\/\/sertv.gob.pa\/crisolfm\/wp-json\/wp\/v2\/types\/post"}],"author":[{"embeddable":true,"href":"https:\/\/sertv.gob.pa\/crisolfm\/wp-json\/wp\/v2\/users\/1"}],"replies":[{"embeddable":true,"href":"https:\/\/sertv.gob.pa\/crisolfm\/wp-json\/wp\/v2\/comments?post=7257"}],"version-history":[{"count":0,"href":"https:\/\/sertv.gob.pa\/crisolfm\/wp-json\/wp\/v2\/posts\/7257\/revisions"}],"wp:featuredmedia":[{"embeddable":true,"href":"https:\/\/sertv.gob.pa\/crisolfm\/wp-json\/wp\/v2\/media\/7258"}],"wp:attachment":[{"href":"https:\/\/sertv.gob.pa\/crisolfm\/wp-json\/wp\/v2\/media?parent=7257"}],"wp:term":[{"taxonomy":"category","embeddable":true,"href":"https:\/\/sertv.gob.pa\/crisolfm\/wp-json\/wp\/v2\/categories?post=7257"},{"taxonomy":"post_tag","embeddable":true,"href":"https:\/\/sertv.gob.pa\/crisolfm\/wp-json\/wp\/v2\/tags?post=7257"}],"curies":[{"name":"wp","href":"https:\/\/api.w.org\/{rel}","templated":true}]}}