{"id":72583,"date":"2025-05-08T15:37:45","date_gmt":"2025-05-08T15:37:45","guid":{"rendered":"https:\/\/sertv.gob.pa\/crisolfm\/?p=72583"},"modified":"2025-05-08T15:37:45","modified_gmt":"2025-05-08T15:37:45","slug":"minsa-intensifica-vacunacion-contra-la-influenza-en-san-miguelito","status":"publish","type":"post","link":"https:\/\/sertv.gob.pa\/crisolfm\/minsa-intensifica-vacunacion-contra-la-influenza-en-san-miguelito\/","title":{"rendered":"MINSA intensifica vacunaci\u00f3n contra la influenza en San Miguelito"},"content":{"rendered":"<div class=\"fusion-fullwidth fullwidth-box fusion-builder-row-1 fusion-flex-container has-pattern-background has-mask-background nonhundred-percent-fullwidth non-hundred-percent-height-scrolling\" style=\"--awb-border-radius-top-left:0px;--awb-border-radius-top-right:0px;--awb-border-radius-bottom-right:0px;--awb-border-radius-bottom-left:0px;--awb-flex-wrap:wrap;\" ><div class=\"fusion-builder-row fusion-row fusion-flex-align-items-flex-start fusion-flex-content-wrap\" style=\"max-width:1144px;margin-left: calc(-4% \/ 2 );margin-right: calc(-4% \/ 2 );\"><div class=\"fusion-layout-column fusion_builder_column fusion-builder-column-0 fusion_builder_column_1_1 1_1 fusion-flex-column\" style=\"--awb-bg-size:cover;--awb-width-large:100%;--awb-margin-top-large:0px;--awb-spacing-right-large:1.92%;--awb-margin-bottom-large:20px;--awb-spacing-left-large:1.92%;--awb-width-medium:100%;--awb-order-medium:0;--awb-spacing-right-medium:1.92%;--awb-spacing-left-medium:1.92%;--awb-width-small:100%;--awb-order-small:0;--awb-spacing-right-small:1.92%;--awb-spacing-left-small:1.92%;\"><div class=\"fusion-column-wrapper fusion-column-has-shadow fusion-flex-justify-content-flex-start fusion-content-layout-column\"><div class=\"fusion-text fusion-text-1\" style=\"--awb-content-alignment:justify;\"><p><em><strong>Con el inicio de la temporada de lluvias y el consecuente aumento de enfermedades respiratorias, la Regi\u00f3n de Salud del Ministerio de Salud (Minsa) en San Miguelito, ha intensificado su campa\u00f1a de vacunaci\u00f3n contra la influenza, como medida preventiva ante posibles complicaciones graves.<\/strong><\/em><\/p>\n<p><strong>Hasta el 6 de mayo, se han aplicado 12,946 dosis de la vacuna contra la influenza en esta regi\u00f3n, seg\u00fan datos de la Secci\u00f3n de Registros y Estad\u00edsticas del Programa Ampliado de Inmunizaci\u00f3n (PAI).<\/strong><\/p>\n<p><em><strong>Yaviletsy Centella Polanco, directora regional de Salud de San Miguelito, indic\u00f3 que, la influenza, es una infecci\u00f3n respiratoria aguda que puede provocar complicaciones severas, especialmente en ni\u00f1os menores de cinco a\u00f1os, adultos mayores, embarazadas y personas con enfermedades cr\u00f3nicas. A diferencia del resfriado com\u00fan, esta enfermedad puede causar neumon\u00eda, hospitalizaciones e incluso la muerte.<\/strong><\/em><\/p>\n<p><strong>De acuerdo con el Departamento de Salud P\u00fablica, a trav\u00e9s de la Secci\u00f3n de Epidemiolog\u00eda, hasta el 26 de abril, se han registrado 639 casos de influenza en las instalaciones de salud de la regi\u00f3n, y lamentablemente, se han reportado tres defunciones. Ninguna de las personas fallecidas contaba con la vacuna actualizada contra la influenza ni contra el neumococo, y todas presentaban factores de riesgo como edad avanzada o enfermedades cr\u00f3nicas.<\/strong><\/p>\n<p><em><strong>Ante esta situaci\u00f3n, las autoridades hacen un llamado urgente a la poblaci\u00f3n para acudir al centro de salud m\u00e1s cercano y vacunarse lo antes posible, llevando c\u00e9dula, pasaporte o tarjeta de vacunaci\u00f3n.<\/strong><\/em><\/p>\n<p><em><strong>Adem\u00e1s, se recomienda mantener medidas preventivas como: usar mascarilla si presenta s\u00edntomas respiratorios; evitar lugares cerrados y con aglomeraciones; lavarse las manos con frecuencia; evitar el contacto cercano con personas enfermas.<\/strong><\/em><\/p>\n<p><strong>Como parte del esfuerzo por garantizar un acceso equitativo a la vacuna, el personal de enfermer\u00eda, contin\u00faa realizando jornadas de vacunaci\u00f3n casa por casa en comunidades como el corregimiento de Arnulfo Arias Madrid, llevando protecci\u00f3n directamente a los hogares.<\/strong><\/p>\n<p><em><strong>\u201cLa vacuna es gratuita, segura y puede salvar vidas. Nuestras enfermeras, t\u00e9cnicas y promotores de salud, est\u00e1n vacunando casa por casa y en puestos fijos en los centros de salud. Instamos a la poblaci\u00f3n a no esperar a presentar s\u00edntomas, y a buscar atenci\u00f3n m\u00e9dica oportuna para evitar complicaciones\u201d, reiter\u00f3 Centella.<\/strong><\/em><\/p>\n<p>Fuente: MINSA<\/p>\n<\/div><div class=\"awb-gallery-wrapper awb-gallery-wrapper-1 button-span-no\" style=\"--more-btn-alignment:center;\"><div style=\"margin:-5px;--awb-bordersize:0px;\" class=\"fusion-gallery fusion-gallery-container fusion-grid-3 fusion-columns-total-3 fusion-gallery-layout-grid fusion-gallery-1\"><div style=\"padding:5px;\" class=\"fusion-grid-column fusion-gallery-column fusion-gallery-column-3 hover-type-none\"><div class=\"fusion-gallery-image\"><a href=\"https:\/\/sertv.gob.pa\/crisolfm\/wp-content\/uploads\/sites\/2\/2025\/05\/MINSA-SAN-MIGUELITO-VACUNACION-2.jpeg\" rel=\"noreferrer\" data-rel=\"iLightbox[gallery_image_1]\" class=\"fusion-lightbox\" target=\"_self\"><img decoding=\"async\" src=\"https:\/\/sertv.gob.pa\/crisolfm\/wp-content\/uploads\/sites\/2\/2025\/05\/MINSA-SAN-MIGUELITO-VACUNACION-2.jpeg\" width=\"600\" height=\"400\" alt=\"\" title=\"MINSA SAN MIGUELITO VACUNACI\u00d3N 2\" aria-label=\"MINSA SAN MIGUELITO VACUNACI\u00d3N 2\" class=\"img-responsive wp-image-72585\" srcset=\"https:\/\/sertv.gob.pa\/crisolfm\/wp-content\/uploads\/sites\/2\/2025\/05\/MINSA-SAN-MIGUELITO-VACUNACION-2-200x133.jpeg 200w, https:\/\/sertv.gob.pa\/crisolfm\/wp-content\/uploads\/sites\/2\/2025\/05\/MINSA-SAN-MIGUELITO-VACUNACION-2-400x267.jpeg 400w, https:\/\/sertv.gob.pa\/crisolfm\/wp-content\/uploads\/sites\/2\/2025\/05\/MINSA-SAN-MIGUELITO-VACUNACION-2.jpeg 600w\" sizes=\"(min-width: 2200px) 100vw, (min-width: 784px) 363px, (min-width: 712px) 545px, (min-width: 640px) 712px, \" \/><\/a><\/div><\/div><div style=\"padding:5px;\" class=\"fusion-grid-column fusion-gallery-column fusion-gallery-column-3 hover-type-none\"><div class=\"fusion-gallery-image\"><a href=\"https:\/\/sertv.gob.pa\/crisolfm\/wp-content\/uploads\/sites\/2\/2025\/05\/MINSA-SAN-MIGUELITO-VACUNACION-3.jpeg\" rel=\"noreferrer\" data-rel=\"iLightbox[gallery_image_1]\" class=\"fusion-lightbox\" target=\"_self\"><img decoding=\"async\" src=\"https:\/\/sertv.gob.pa\/crisolfm\/wp-content\/uploads\/sites\/2\/2025\/05\/MINSA-SAN-MIGUELITO-VACUNACION-3.jpeg\" width=\"600\" height=\"400\" alt=\"\" title=\"MINSA SAN MIGUELITO VACUNACI\u00d3N 3\" aria-label=\"MINSA SAN MIGUELITO VACUNACI\u00d3N 3\" class=\"img-responsive wp-image-72586\" srcset=\"https:\/\/sertv.gob.pa\/crisolfm\/wp-content\/uploads\/sites\/2\/2025\/05\/MINSA-SAN-MIGUELITO-VACUNACION-3-200x133.jpeg 200w, https:\/\/sertv.gob.pa\/crisolfm\/wp-content\/uploads\/sites\/2\/2025\/05\/MINSA-SAN-MIGUELITO-VACUNACION-3-400x267.jpeg 400w, https:\/\/sertv.gob.pa\/crisolfm\/wp-content\/uploads\/sites\/2\/2025\/05\/MINSA-SAN-MIGUELITO-VACUNACION-3.jpeg 600w\" sizes=\"(min-width: 2200px) 100vw, (min-width: 784px) 363px, (min-width: 712px) 545px, (min-width: 640px) 712px, \" \/><\/a><\/div><\/div><div style=\"padding:5px;\" class=\"fusion-grid-column fusion-gallery-column fusion-gallery-column-3 hover-type-none\"><div class=\"fusion-gallery-image\"><a href=\"https:\/\/sertv.gob.pa\/crisolfm\/wp-content\/uploads\/sites\/2\/2025\/05\/MINSA-SAN-MIGUELITO-VACUNACION-4.jpeg\" rel=\"noreferrer\" data-rel=\"iLightbox[gallery_image_1]\" class=\"fusion-lightbox\" target=\"_self\"><img decoding=\"async\" src=\"https:\/\/sertv.gob.pa\/crisolfm\/wp-content\/uploads\/sites\/2\/2025\/05\/MINSA-SAN-MIGUELITO-VACUNACION-4.jpeg\" width=\"600\" height=\"400\" alt=\"\" title=\"MINSA SAN MIGUELITO VACUNACI\u00d3N 4\" aria-label=\"MINSA SAN MIGUELITO VACUNACI\u00d3N 4\" class=\"img-responsive wp-image-72587\" srcset=\"https:\/\/sertv.gob.pa\/crisolfm\/wp-content\/uploads\/sites\/2\/2025\/05\/MINSA-SAN-MIGUELITO-VACUNACION-4-200x133.jpeg 200w, https:\/\/sertv.gob.pa\/crisolfm\/wp-content\/uploads\/sites\/2\/2025\/05\/MINSA-SAN-MIGUELITO-VACUNACION-4-400x267.jpeg 400w, https:\/\/sertv.gob.pa\/crisolfm\/wp-content\/uploads\/sites\/2\/2025\/05\/MINSA-SAN-MIGUELITO-VACUNACION-4.jpeg 600w\" sizes=\"(min-width: 2200px) 100vw, (min-width: 784px) 363px, (min-width: 712px) 545px, (min-width: 640px) 712px, \" \/><\/a><\/div><\/div><div class=\"clearfix\"><\/div><\/div><\/div><\/div><\/div><\/div><\/div>\n","protected":false},"excerpt":{"rendered":"","protected":false},"author":9,"featured_media":72584,"comment_status":"closed","ping_status":"closed","sticky":false,"template":"","format":"standard","meta":{"footnotes":""},"categories":[14],"tags":[],"class_list":["post-72583","post","type-post","status-publish","format-standard","has-post-thumbnail","hentry","category-salud"],"_links":{"self":[{"href":"https:\/\/sertv.gob.pa\/crisolfm\/wp-json\/wp\/v2\/posts\/72583","targetHints":{"allow":["GET"]}}],"collection":[{"href":"https:\/\/sertv.gob.pa\/crisolfm\/wp-json\/wp\/v2\/posts"}],"about":[{"href":"https:\/\/sertv.gob.pa\/crisolfm\/wp-json\/wp\/v2\/types\/post"}],"author":[{"embeddable":true,"href":"https:\/\/sertv.gob.pa\/crisolfm\/wp-json\/wp\/v2\/users\/9"}],"replies":[{"embeddable":true,"href":"https:\/\/sertv.gob.pa\/crisolfm\/wp-json\/wp\/v2\/comments?post=72583"}],"version-history":[{"count":1,"href":"https:\/\/sertv.gob.pa\/crisolfm\/wp-json\/wp\/v2\/posts\/72583\/revisions"}],"predecessor-version":[{"id":72588,"href":"https:\/\/sertv.gob.pa\/crisolfm\/wp-json\/wp\/v2\/posts\/72583\/revisions\/72588"}],"wp:featuredmedia":[{"embeddable":true,"href":"https:\/\/sertv.gob.pa\/crisolfm\/wp-json\/wp\/v2\/media\/72584"}],"wp:attachment":[{"href":"https:\/\/sertv.gob.pa\/crisolfm\/wp-json\/wp\/v2\/media?parent=72583"}],"wp:term":[{"taxonomy":"category","embeddable":true,"href":"https:\/\/sertv.gob.pa\/crisolfm\/wp-json\/wp\/v2\/categories?post=72583"},{"taxonomy":"post_tag","embeddable":true,"href":"https:\/\/sertv.gob.pa\/crisolfm\/wp-json\/wp\/v2\/tags?post=72583"}],"curies":[{"name":"wp","href":"https:\/\/api.w.org\/{rel}","templated":true}]}}