{"id":7269,"date":"2017-01-20T16:12:13","date_gmt":"2017-01-20T16:12:13","guid":{"rendered":""},"modified":"2017-01-20T16:12:13","modified_gmt":"2017-01-20T16:12:13","slug":"para-mejorar-arboles-de-barcelona-se-invertiran-millones-de-euros","status":"publish","type":"post","link":"https:\/\/sertv.gob.pa\/crisolfm\/para-mejorar-arboles-de-barcelona-se-invertiran-millones-de-euros\/","title":{"rendered":"Para mejorar \u00e1rboles de Barcelona se invertir\u00e1n millones de euros"},"content":{"rendered":"<p>\nEl Ayuntamiento de Barcelona ha presentado el proyecto \u00c1rboles para vivir que gu\u00eda la acci\u00f3n municipal en la planificaci\u00f3n, gesti\u00f3n y conservaci\u00f3n del arbolado de la ciudad, y que prev\u00e9 una inversi\u00f3n de 9,6 millones de euros anuales a veinte a\u00f1os vista, desde 2017 hasta 2037. <\/p>\n<p>El Consistorio ha previsto un presupuesto de 9,6 millones de euros anuales -un 16% superior a la inversi\u00f3n actual-: de los que 8,3 millones se dedicar\u00e1n al mantenimiento del arbolado de la ciudad, seg\u00fan inform\u00f3 el gobierno municipal en un comunicado. <\/p>\n<p>El proyecto estima que el patrimonio arb\u00f3reo de Barcelona asciende a m\u00e1s de 1,4 millones de \u00e1rboles incluyendo los espacios forestales de Collserola, Montju\u00efc y els Tres Turons, los \u00e1rboles de las calles, de los parques y tambi\u00e9n de jardines p\u00fablicos y privados y de entidades e instituciones. <\/p>\n<p>Una de las metas de \u00c1rboles para vivir es ampliar en un 5% la cobertura arb\u00f3rea de la ciudad -que actualmente representa el 25,20% de la superficie urbana-, para dar respuesta a una de las principales demandas que los ciudadanos han hecho llegar al gobierno de Colau, seg\u00fan la \u00faltima encuesta de servicios municipales. <\/p>\n<p>Los \u00e1rboles m\u00e1s comunes en el \u00e1rea urbana de Barcelona son el pl\u00e1tano, con 18.744 ejemplares (8.8% de la poblaci\u00f3n de verde urbano), el cipr\u00e9s de Lambert con 15.620 ejemplares (7.4%), la troana, con 13.668, (6.4%) y el almez, con 11.715 ejemplares. <\/p>\n<p>En el proyecto han participado m\u00e1s de 700 expertos, y el objetivo del plan municipal no es tener m\u00e1s \u00e1rboles sino de m\u00e1s calidad, para poder crear una s\u00f3lida infraestructura verde que d\u00e9 \u00abm\u00e1s beneficios ambientales, sociales y psicol\u00f3gicos\u00bb. <\/p>\n<p>\u00a0 <\/p>\n","protected":false},"excerpt":{"rendered":"<p>El Ayuntamiento de Barcelona ha presentado el proyecto \u00c1rboles para <a href=\"https:\/\/sertv.gob.pa\/crisolfm\/para-mejorar-arboles-de-barcelona-se-invertiran-millones-de-euros\/\"> [&#8230;]<\/a><\/p>\n","protected":false},"author":1,"featured_media":7270,"comment_status":"closed","ping_status":"closed","sticky":false,"template":"","format":"standard","meta":{"footnotes":""},"categories":[7],"tags":[],"class_list":["post-7269","post","type-post","status-publish","format-standard","has-post-thumbnail","hentry","category-ecologicas"],"_links":{"self":[{"href":"https:\/\/sertv.gob.pa\/crisolfm\/wp-json\/wp\/v2\/posts\/7269","targetHints":{"allow":["GET"]}}],"collection":[{"href":"https:\/\/sertv.gob.pa\/crisolfm\/wp-json\/wp\/v2\/posts"}],"about":[{"href":"https:\/\/sertv.gob.pa\/crisolfm\/wp-json\/wp\/v2\/types\/post"}],"author":[{"embeddable":true,"href":"https:\/\/sertv.gob.pa\/crisolfm\/wp-json\/wp\/v2\/users\/1"}],"replies":[{"embeddable":true,"href":"https:\/\/sertv.gob.pa\/crisolfm\/wp-json\/wp\/v2\/comments?post=7269"}],"version-history":[{"count":0,"href":"https:\/\/sertv.gob.pa\/crisolfm\/wp-json\/wp\/v2\/posts\/7269\/revisions"}],"wp:featuredmedia":[{"embeddable":true,"href":"https:\/\/sertv.gob.pa\/crisolfm\/wp-json\/wp\/v2\/media\/7270"}],"wp:attachment":[{"href":"https:\/\/sertv.gob.pa\/crisolfm\/wp-json\/wp\/v2\/media?parent=7269"}],"wp:term":[{"taxonomy":"category","embeddable":true,"href":"https:\/\/sertv.gob.pa\/crisolfm\/wp-json\/wp\/v2\/categories?post=7269"},{"taxonomy":"post_tag","embeddable":true,"href":"https:\/\/sertv.gob.pa\/crisolfm\/wp-json\/wp\/v2\/tags?post=7269"}],"curies":[{"name":"wp","href":"https:\/\/api.w.org\/{rel}","templated":true}]}}