{"id":7277,"date":"2017-01-22T05:00:00","date_gmt":"2017-01-22T05:00:00","guid":{"rendered":""},"modified":"2017-01-22T05:00:00","modified_gmt":"2017-01-22T05:00:00","slug":"denunciada-pagina-web-que-trafica-conchas-de-caracoles-de-baleares","status":"publish","type":"post","link":"https:\/\/sertv.gob.pa\/crisolfm\/denunciada-pagina-web-que-trafica-conchas-de-caracoles-de-baleares\/","title":{"rendered":"Denunciada p\u00e1gina web que trafica conchas de caracoles de Baleares"},"content":{"rendered":"<p>\nLa Conselleria de Medio Ambiente, Agricultura y Pesca del Govern balear ha sido informada de la existencia de una p\u00e1gina web de un pa\u00eds europeo que v ende a coleccionistas conchas de caracoles end\u00e9micos de islotes de las Islas Baleares.  <\/p>\n<p>Este departamento auton\u00f3mico ha constatado la existencia de la oferta de este vendedor, que incluye muchas especies de moluscos de origen muy diverso, tanto de las Islas Baleares como de otros sitios de Espa\u00f1a. <\/p>\n<p> Esta oferta es ilegal, subraya la Conselleria , ya que la legislaci\u00f3n espa\u00f1ola ampara todas las especies de fauna cuya explotaci\u00f3n no est\u00e1 reglamentada. <\/p>\n<p>Algunas poblaciones end\u00e9micas de caracoles restringidas a las islas menores y los islotes  son escasas  y, por lo tanto, la recolecci\u00f3n  puede afectar al estado de conservaci\u00f3n.  <\/p>\n<p>La Conselleria ha requerido al Gobierno central que se sirva de los mecanismos de coordinaci\u00f3n internacional en el seno de la Uni\u00f3n Europea para  paralizar esta oferta  y requerir a las autoridades nacionales del pa\u00eds de venta que determine las responsabilidades de los traficantes. <\/p>\n<p>\u00a0 <\/p>\n","protected":false},"excerpt":{"rendered":"<p>La Conselleria de Medio Ambiente, Agricultura y Pesca del Govern <a href=\"https:\/\/sertv.gob.pa\/crisolfm\/denunciada-pagina-web-que-trafica-conchas-de-caracoles-de-baleares\/\"> [&#8230;]<\/a><\/p>\n","protected":false},"author":1,"featured_media":7278,"comment_status":"closed","ping_status":"closed","sticky":false,"template":"","format":"standard","meta":{"footnotes":""},"categories":[7],"tags":[],"class_list":["post-7277","post","type-post","status-publish","format-standard","has-post-thumbnail","hentry","category-ecologicas"],"_links":{"self":[{"href":"https:\/\/sertv.gob.pa\/crisolfm\/wp-json\/wp\/v2\/posts\/7277","targetHints":{"allow":["GET"]}}],"collection":[{"href":"https:\/\/sertv.gob.pa\/crisolfm\/wp-json\/wp\/v2\/posts"}],"about":[{"href":"https:\/\/sertv.gob.pa\/crisolfm\/wp-json\/wp\/v2\/types\/post"}],"author":[{"embeddable":true,"href":"https:\/\/sertv.gob.pa\/crisolfm\/wp-json\/wp\/v2\/users\/1"}],"replies":[{"embeddable":true,"href":"https:\/\/sertv.gob.pa\/crisolfm\/wp-json\/wp\/v2\/comments?post=7277"}],"version-history":[{"count":0,"href":"https:\/\/sertv.gob.pa\/crisolfm\/wp-json\/wp\/v2\/posts\/7277\/revisions"}],"wp:featuredmedia":[{"embeddable":true,"href":"https:\/\/sertv.gob.pa\/crisolfm\/wp-json\/wp\/v2\/media\/7278"}],"wp:attachment":[{"href":"https:\/\/sertv.gob.pa\/crisolfm\/wp-json\/wp\/v2\/media?parent=7277"}],"wp:term":[{"taxonomy":"category","embeddable":true,"href":"https:\/\/sertv.gob.pa\/crisolfm\/wp-json\/wp\/v2\/categories?post=7277"},{"taxonomy":"post_tag","embeddable":true,"href":"https:\/\/sertv.gob.pa\/crisolfm\/wp-json\/wp\/v2\/tags?post=7277"}],"curies":[{"name":"wp","href":"https:\/\/api.w.org\/{rel}","templated":true}]}}