{"id":7285,"date":"2017-01-23T15:54:25","date_gmt":"2017-01-23T15:54:25","guid":{"rendered":""},"modified":"2017-01-23T15:54:25","modified_gmt":"2017-01-23T15:54:25","slug":"en-nicaragua-celebraran-vigilia-en-repudio-al-maltrato-de-animales","status":"publish","type":"post","link":"https:\/\/sertv.gob.pa\/crisolfm\/en-nicaragua-celebraran-vigilia-en-repudio-al-maltrato-de-animales\/","title":{"rendered":"En Nicaragua celebrar\u00e1n vigilia en repudio al maltrato de animales"},"content":{"rendered":"<p>\nUna Organizaci\u00f3n No Gubernamental ambientalista de Nicaragua convoc\u00f3 a una vigilia el pr\u00f3ximo viernes, 27 de enero, en contra del maltrato animal, d\u00edas despu\u00e9s de que una zarig\u00fceya muriera a golpes durante un juego de b\u00e9isbol. <\/p>\n<p>La vigilia se efectuar\u00e1 en la denominada &lsquo;Plaza de las Victorias&#8217; del nuevo centro de Managua, a partir de las 18.00 horas (0.00 GMT del s\u00e1bado), se\u00f1al\u00f3 la Asociaci\u00f3n Nicarag\u00fcense para la Defensa de los Derechos de los Animales y el Medio Ambiente (Andama-Coraz\u00f3n verde) en una declaraci\u00f3n p\u00fablica. <\/p>\n<p>&lsquo;Encendamos una luz por los animalitos que han muerto por el odio, la maldad y el abandono de muchas personas de coraz\u00f3n vac\u00edo que no les import\u00f3 dejarlos a su suerte&#8217;, indic\u00f3 la Organizaci\u00f3n No Gubernamental en el documento, en el que invita a las personas a acudir con velas o candelas, y camisetas blancas. <\/p>\n<p>La vigilia se llevar\u00e1 a cabo con el prop\u00f3sito de crear conciencia hacia el maltrato animal luego del \u00a0incidente del martes pasado en el que fan\u00e1ticos del b\u00e9isbol mataron a una zarig\u00fceya en un estadio, lo que qued\u00f3 documentado en redes sociales. El peque\u00f1o marsupial se introdujo al estadio de la ciudad de Rivas (sur), durante un partido de la Liga de B\u00e9isbol Profesional Nacional (LBPN), y luego fue atacado hasta morir. <\/p>\n<p>\u00a0 <\/p>\n","protected":false},"excerpt":{"rendered":"<p>Una Organizaci\u00f3n No Gubernamental ambientalista de Nicaragua convoc\u00f3 a una <a href=\"https:\/\/sertv.gob.pa\/crisolfm\/en-nicaragua-celebraran-vigilia-en-repudio-al-maltrato-de-animales\/\"> [&#8230;]<\/a><\/p>\n","protected":false},"author":1,"featured_media":7286,"comment_status":"closed","ping_status":"closed","sticky":false,"template":"","format":"standard","meta":{"footnotes":""},"categories":[7],"tags":[],"class_list":["post-7285","post","type-post","status-publish","format-standard","has-post-thumbnail","hentry","category-ecologicas"],"_links":{"self":[{"href":"https:\/\/sertv.gob.pa\/crisolfm\/wp-json\/wp\/v2\/posts\/7285","targetHints":{"allow":["GET"]}}],"collection":[{"href":"https:\/\/sertv.gob.pa\/crisolfm\/wp-json\/wp\/v2\/posts"}],"about":[{"href":"https:\/\/sertv.gob.pa\/crisolfm\/wp-json\/wp\/v2\/types\/post"}],"author":[{"embeddable":true,"href":"https:\/\/sertv.gob.pa\/crisolfm\/wp-json\/wp\/v2\/users\/1"}],"replies":[{"embeddable":true,"href":"https:\/\/sertv.gob.pa\/crisolfm\/wp-json\/wp\/v2\/comments?post=7285"}],"version-history":[{"count":0,"href":"https:\/\/sertv.gob.pa\/crisolfm\/wp-json\/wp\/v2\/posts\/7285\/revisions"}],"wp:featuredmedia":[{"embeddable":true,"href":"https:\/\/sertv.gob.pa\/crisolfm\/wp-json\/wp\/v2\/media\/7286"}],"wp:attachment":[{"href":"https:\/\/sertv.gob.pa\/crisolfm\/wp-json\/wp\/v2\/media?parent=7285"}],"wp:term":[{"taxonomy":"category","embeddable":true,"href":"https:\/\/sertv.gob.pa\/crisolfm\/wp-json\/wp\/v2\/categories?post=7285"},{"taxonomy":"post_tag","embeddable":true,"href":"https:\/\/sertv.gob.pa\/crisolfm\/wp-json\/wp\/v2\/tags?post=7285"}],"curies":[{"name":"wp","href":"https:\/\/api.w.org\/{rel}","templated":true}]}}