{"id":7291,"date":"2017-01-24T14:47:33","date_gmt":"2017-01-24T14:47:33","guid":{"rendered":""},"modified":"2017-01-24T14:47:33","modified_gmt":"2017-01-24T14:47:33","slug":"regreso-de-las-corridas-en-bogota-son-motivo-de-protestas","status":"publish","type":"post","link":"https:\/\/sertv.gob.pa\/crisolfm\/regreso-de-las-corridas-en-bogota-son-motivo-de-protestas\/","title":{"rendered":"Regreso de las corridas en Bogot\u00e1 son motivo de protestas"},"content":{"rendered":"<p>\nDurante 5 a\u00f1os los activistas que defienden los derechos de los animales en Bogot\u00e1 consideraron una victoria el que la plaza de toros La Santamar\u00eda mantuviera sus puertas cerradas al espect\u00e1culo para el que fue construida a inicios del siglo pasado. <\/p>\n<p>No obstante, este 22 de enero esa victoria fue difuminada con el comienzo de las corridas denominadas por los organizadores como la Temporada Taurina de la Libertad y que constara de 8 faenas en las que por lo menos 45 toros de lidia ser\u00e1n sacrificados. <\/p>\n<p>Luego de\u00a0 una convocatoria efectuada por redes sociales, miles de ciudadanos se reunieron durante esa jornada en los alrededores de la plaza de toros y con arengas que calificaban de asesinos a los asistentes de las corridas, se manifestaron contra el regreso de la denominada fiesta brava a la capital colombiana. <\/p>\n<p>La polic\u00eda del distrito capital dispuso 1,200 efectivos para contener a los manifestantes que pretend\u00edan impedir el acceso de los aficionados a la plaza de toros. <\/p>\n<p>Para ello hicieron uso de gases lacrim\u00f3genos y bombas aturdidoras que por momentos lograron dispersar a una multitud que no obstante permaneci\u00f3 hasta entrada la noche gritando sus consignas en contra del maltrato animal. <\/p>\n<p>Algunos aficionados que asistieron con \u00e1nimo a la reapertura de la plaza, cuya refacci\u00f3n tuvo una inversi\u00f3n cercana a los $3 millones obtenidos del erario de la ciudad, fueron golpeados por los manifestantes, en su mayor\u00eda j\u00f3venes que ven las corridas como un retroceso en la din\u00e1mica cultural de la ciudad. <\/p>\n<p>&lsquo;Est\u00e1 bien que protesten, ese es un derecho que nadie le puede quitar a la gente, pero ellos deben entender que las corridas en la Santamar\u00eda son un emblema de Bogot\u00e1 y deben respetarlas&#8217;, expres\u00f3 a Xinhua Pedro Rubiano, aficionado que logr\u00f3 evadir las agresiones de los manifestantes. <\/p>\n<p>&lsquo;Adem\u00e1s, si van a protestar deben hacerlo sin recurrir a la violencia, el regreso de las corridas obedece un fallo de la Corte Constitucional que protege los derechos de una minor\u00eda&#8217;, a\u00f1adi\u00f3. <\/p>\n<p>\u00a0 <\/p>\n","protected":false},"excerpt":{"rendered":"<p>Durante 5 a\u00f1os los activistas que defienden los derechos de <a href=\"https:\/\/sertv.gob.pa\/crisolfm\/regreso-de-las-corridas-en-bogota-son-motivo-de-protestas\/\"> [&#8230;]<\/a><\/p>\n","protected":false},"author":1,"featured_media":7292,"comment_status":"closed","ping_status":"closed","sticky":false,"template":"","format":"standard","meta":{"footnotes":""},"categories":[7],"tags":[],"class_list":["post-7291","post","type-post","status-publish","format-standard","has-post-thumbnail","hentry","category-ecologicas"],"_links":{"self":[{"href":"https:\/\/sertv.gob.pa\/crisolfm\/wp-json\/wp\/v2\/posts\/7291","targetHints":{"allow":["GET"]}}],"collection":[{"href":"https:\/\/sertv.gob.pa\/crisolfm\/wp-json\/wp\/v2\/posts"}],"about":[{"href":"https:\/\/sertv.gob.pa\/crisolfm\/wp-json\/wp\/v2\/types\/post"}],"author":[{"embeddable":true,"href":"https:\/\/sertv.gob.pa\/crisolfm\/wp-json\/wp\/v2\/users\/1"}],"replies":[{"embeddable":true,"href":"https:\/\/sertv.gob.pa\/crisolfm\/wp-json\/wp\/v2\/comments?post=7291"}],"version-history":[{"count":0,"href":"https:\/\/sertv.gob.pa\/crisolfm\/wp-json\/wp\/v2\/posts\/7291\/revisions"}],"wp:featuredmedia":[{"embeddable":true,"href":"https:\/\/sertv.gob.pa\/crisolfm\/wp-json\/wp\/v2\/media\/7292"}],"wp:attachment":[{"href":"https:\/\/sertv.gob.pa\/crisolfm\/wp-json\/wp\/v2\/media?parent=7291"}],"wp:term":[{"taxonomy":"category","embeddable":true,"href":"https:\/\/sertv.gob.pa\/crisolfm\/wp-json\/wp\/v2\/categories?post=7291"},{"taxonomy":"post_tag","embeddable":true,"href":"https:\/\/sertv.gob.pa\/crisolfm\/wp-json\/wp\/v2\/tags?post=7291"}],"curies":[{"name":"wp","href":"https:\/\/api.w.org\/{rel}","templated":true}]}}