{"id":7293,"date":"2017-01-24T15:21:41","date_gmt":"2017-01-24T15:21:41","guid":{"rendered":""},"modified":"2017-01-24T15:21:41","modified_gmt":"2017-01-24T15:21:41","slug":"chile-afronta-el-mayor-desastre-forestal-de-su-historia","status":"publish","type":"post","link":"https:\/\/sertv.gob.pa\/crisolfm\/chile-afronta-el-mayor-desastre-forestal-de-su-historia\/","title":{"rendered":"Chile afronta el mayor desastre forestal de su historia"},"content":{"rendered":"<p>\nAyer la presidenta de Chile, Michelle Bachelet, afirm\u00f3 que el pa\u00eds afronta el peor incendio forestal de que se tenga registro, pero se mostr\u00f3 confiada en una pronta recuperaci\u00f3n. <\/p>\n<p>La mandataria dijo a trav\u00e9s de su cuenta en la red social Twitter, \u00a0que la naci\u00f3n enfrenta &lsquo;el mayor desastre forestal de nuestra historia\u00bb y que la zona \u00a0afectada este verano en el hemisferio sur &lsquo;es 20 veces mayor que en 2016&#8242;. <\/p>\n<p>Los incendios forestales han consumido m\u00e1s de 127,000 hect\u00e1reas de vegetaci\u00f3n, cultivos, bosques y casas en siete regiones en el norte, centro y sur del pa\u00eds sudamericano. <\/p>\n<p>El fuego ha ocasionado la muerte de tres brigadistas que combat\u00edan el fuego, as\u00ed como de un n\u00famero indeterminado de cabezas de ganado, aves y otros animales de corral. <\/p>\n<p>Bachelet declar\u00f3 ante esta situaci\u00f3n \u00e1rea de emergencia a tres regiones, con el fin de permitir una mayor distribuci\u00f3n de fondos, sin trabas burocr\u00e1ticas, para contribuir a paliar los da\u00f1os. <\/p>\n<p>&lsquo;Como en otras oportunidades, vamos a superar la emergencia&#8217;, indic\u00f3 posteriormente la mandataria a medios, aunque &lsquo;los incendios no est\u00e1n del todo controlados&#8217;. &lsquo;Queremos estar presente en la zona, pero no queremos ser un obst\u00e1culo&#8217;, agreg\u00f3 la jefa de Estado. <\/p>\n<p>Por su parte, el representante a nivel nacional de los Bomberos en Chile, Miguel Reyes, indic\u00f3 que se trata de &lsquo;la mayor&#8217; emergencia que vive el pa\u00eds, por lo que unos 2,000 voluntarios se han unido a los miembros de la agencia estatal Corporaci\u00f3n Nacional Forestal (Conaf). <\/p>\n<p>\u00a0 <\/p>\n","protected":false},"excerpt":{"rendered":"<p>Ayer la presidenta de Chile, Michelle Bachelet, afirm\u00f3 que el <a href=\"https:\/\/sertv.gob.pa\/crisolfm\/chile-afronta-el-mayor-desastre-forestal-de-su-historia\/\"> [&#8230;]<\/a><\/p>\n","protected":false},"author":1,"featured_media":7294,"comment_status":"closed","ping_status":"closed","sticky":false,"template":"","format":"standard","meta":{"footnotes":""},"categories":[7],"tags":[],"class_list":["post-7293","post","type-post","status-publish","format-standard","has-post-thumbnail","hentry","category-ecologicas"],"_links":{"self":[{"href":"https:\/\/sertv.gob.pa\/crisolfm\/wp-json\/wp\/v2\/posts\/7293","targetHints":{"allow":["GET"]}}],"collection":[{"href":"https:\/\/sertv.gob.pa\/crisolfm\/wp-json\/wp\/v2\/posts"}],"about":[{"href":"https:\/\/sertv.gob.pa\/crisolfm\/wp-json\/wp\/v2\/types\/post"}],"author":[{"embeddable":true,"href":"https:\/\/sertv.gob.pa\/crisolfm\/wp-json\/wp\/v2\/users\/1"}],"replies":[{"embeddable":true,"href":"https:\/\/sertv.gob.pa\/crisolfm\/wp-json\/wp\/v2\/comments?post=7293"}],"version-history":[{"count":0,"href":"https:\/\/sertv.gob.pa\/crisolfm\/wp-json\/wp\/v2\/posts\/7293\/revisions"}],"wp:featuredmedia":[{"embeddable":true,"href":"https:\/\/sertv.gob.pa\/crisolfm\/wp-json\/wp\/v2\/media\/7294"}],"wp:attachment":[{"href":"https:\/\/sertv.gob.pa\/crisolfm\/wp-json\/wp\/v2\/media?parent=7293"}],"wp:term":[{"taxonomy":"category","embeddable":true,"href":"https:\/\/sertv.gob.pa\/crisolfm\/wp-json\/wp\/v2\/categories?post=7293"},{"taxonomy":"post_tag","embeddable":true,"href":"https:\/\/sertv.gob.pa\/crisolfm\/wp-json\/wp\/v2\/tags?post=7293"}],"curies":[{"name":"wp","href":"https:\/\/api.w.org\/{rel}","templated":true}]}}