{"id":7307,"date":"2017-01-25T15:49:14","date_gmt":"2017-01-25T15:49:14","guid":{"rendered":""},"modified":"2017-01-25T15:49:14","modified_gmt":"2017-01-25T15:49:14","slug":"se-firma-convenio-para-proteger-el-humedal-de-la-bahia","status":"publish","type":"post","link":"https:\/\/sertv.gob.pa\/crisolfm\/se-firma-convenio-para-proteger-el-humedal-de-la-bahia\/","title":{"rendered":"Se firma convenio para proteger el humedal de la bah\u00eda"},"content":{"rendered":"<p>\nEl pa\u00eds contin\u00faa efectuando acciones ambientales para la conservaci\u00f3n del Refugio de Vida Silvestre Sitio Ramsar Humedal Bah\u00eda de Panam\u00e1. Ayer, los titulares del Ministerio de Salud (MINSA), Miguel Mayo y del Ministerio de Ambiente (MiAmbiente), Mirei Endara, suscribieron un convenio de fortalecimiento institucional, que permitir\u00e1 realizar proyectos puntuales en el \u00e1rea protegida. <\/p>\n<p>Los esfuerzos que lleva a cabo el MINSA a trav\u00e9s del Programa Saneamiento de Panam\u00e1 &lsquo;son sin duda, el principal proyecto de inversi\u00f3n en materia de salud ambiental, cuyo objetivo es la recolecci\u00f3n y tratamiento de aguas residuales que actualmente son foco de contaminaci\u00f3n y malos olores&#8217;, destac\u00f3 Mayo. <\/p>\n<p>&lsquo;El convenio que hoy se firma permitir\u00e1 contar con la asesor\u00eda del MiAmbiente para establecer la coordinaci\u00f3n administrativa y t\u00e9cnica de proyectos ambientales en el \u00e1rea protegida del Humedal Bah\u00eda de Panam\u00e1, que adelantaremos como parte del Plan de Manejo de estas zonas de manglar&#8217; coment\u00f3 Tatiana De Janon, coordinadora general del Programa Saneamiento de Panam\u00e1. <\/p>\n<p>En tanto, Mirei Endara, titular de MiAmbiente, dijo que &lsquo;recibimos con mucho agrado el compromiso del Ministerio de Salud con el aspecto de Educaci\u00f3n Ambiental y la comunidad, para resaltar la importancia del Humedal de Bah\u00eda de Panam\u00e1, y la oportunidad de habilitar estas infraestructuras para poder abrir las puertas de manera segura para que toda la poblaci\u00f3n interact\u00fae con estos ecosistemas tan cercanos a nuestra ciudad, ya que la declaraci\u00f3n de esta \u00e1rea protegida se debe a la larga lucha de la sociedad civil, al igual que la categor\u00eda de Humedal de importancia internacional RAMSAR&#8217;. <\/p>\n<p>\u00a0 <\/p>\n","protected":false},"excerpt":{"rendered":"<p>El pa\u00eds contin\u00faa efectuando acciones ambientales para la conservaci\u00f3n del <a href=\"https:\/\/sertv.gob.pa\/crisolfm\/se-firma-convenio-para-proteger-el-humedal-de-la-bahia\/\"> [&#8230;]<\/a><\/p>\n","protected":false},"author":1,"featured_media":7308,"comment_status":"closed","ping_status":"closed","sticky":false,"template":"","format":"standard","meta":{"footnotes":""},"categories":[7],"tags":[],"class_list":["post-7307","post","type-post","status-publish","format-standard","has-post-thumbnail","hentry","category-ecologicas"],"_links":{"self":[{"href":"https:\/\/sertv.gob.pa\/crisolfm\/wp-json\/wp\/v2\/posts\/7307","targetHints":{"allow":["GET"]}}],"collection":[{"href":"https:\/\/sertv.gob.pa\/crisolfm\/wp-json\/wp\/v2\/posts"}],"about":[{"href":"https:\/\/sertv.gob.pa\/crisolfm\/wp-json\/wp\/v2\/types\/post"}],"author":[{"embeddable":true,"href":"https:\/\/sertv.gob.pa\/crisolfm\/wp-json\/wp\/v2\/users\/1"}],"replies":[{"embeddable":true,"href":"https:\/\/sertv.gob.pa\/crisolfm\/wp-json\/wp\/v2\/comments?post=7307"}],"version-history":[{"count":0,"href":"https:\/\/sertv.gob.pa\/crisolfm\/wp-json\/wp\/v2\/posts\/7307\/revisions"}],"wp:featuredmedia":[{"embeddable":true,"href":"https:\/\/sertv.gob.pa\/crisolfm\/wp-json\/wp\/v2\/media\/7308"}],"wp:attachment":[{"href":"https:\/\/sertv.gob.pa\/crisolfm\/wp-json\/wp\/v2\/media?parent=7307"}],"wp:term":[{"taxonomy":"category","embeddable":true,"href":"https:\/\/sertv.gob.pa\/crisolfm\/wp-json\/wp\/v2\/categories?post=7307"},{"taxonomy":"post_tag","embeddable":true,"href":"https:\/\/sertv.gob.pa\/crisolfm\/wp-json\/wp\/v2\/tags?post=7307"}],"curies":[{"name":"wp","href":"https:\/\/api.w.org\/{rel}","templated":true}]}}