{"id":7333,"date":"2017-01-27T16:14:05","date_gmt":"2017-01-27T16:14:05","guid":{"rendered":""},"modified":"2017-01-27T16:14:05","modified_gmt":"2017-01-27T16:14:05","slug":"canada-prohibira-el-asbesto-en-2018","status":"publish","type":"post","link":"https:\/\/sertv.gob.pa\/crisolfm\/canada-prohibira-el-asbesto-en-2018\/","title":{"rendered":"Canad\u00e1 prohibir\u00e1 el asbesto en 2018"},"content":{"rendered":"<p>\nCanad\u00e1, uno de los mayores productores de amianto o asbesto del mundo, ha anunciado que prohibir\u00e1 en 2018 tanto la producci\u00f3n como el uso de esta peligrosa sustancia reconocida por la OMS, cuya exposici\u00f3n puede resultar cancer\u00edgena. <\/p>\n<p>El gobierno canadiense anunci\u00f3 el 15 de diciembre que prohibir\u00e1 el amianto e importaci\u00f3n de productos que lo contengan en 2018. Con ello, siguen la recomendaci\u00f3n de la Organizaci\u00f3n mundial de la Salud (OMS), si bien con un retraso importante, ya que \u00e9sta lleva advirtiendo sobre el peligro que supone este producto desde hace tres d\u00e9cadas. <\/p>\n<p>&ldquo;Hay pruebas abrumadoras que nos ha llevado a tomar medidas concretas para prohibir el amianto&rdquo;, apunt\u00f3 el Ministro de Ciencia, \u00a0Kirsty Duncan, durante el anuncio, efectuado en un hospital especializado en la curaci\u00f3n del c\u00e1ncer de Otawa. <\/p>\n<p>Al anuncio asistieron diferentes cargos del gobierno federal, Kirsty Duncan y el ministro de Salud, Jane Philpott, quien explic\u00f3 que los estragos provocados por el amianto todav\u00eda se dejar\u00edan sentir durante varios a\u00f1os a causa de los nuevos diagn\u00f3sticos relacionados con exposiciones anteriores. <\/p>\n<p>La medida obedece al cumplimiento de una promesa electoral realizada en la campa\u00f1a de 2015 por el presidente del Gobierno, Justin Trudeau. Una medida, por otra parte, largamente esperada tanto a nivel nacional como internacional. <\/p>\n<p>\u00a0 <\/p>\n<p>\u00a0 <\/p>\n","protected":false},"excerpt":{"rendered":"<p>Canad\u00e1, uno de los mayores productores de amianto o asbesto <a href=\"https:\/\/sertv.gob.pa\/crisolfm\/canada-prohibira-el-asbesto-en-2018\/\"> [&#8230;]<\/a><\/p>\n","protected":false},"author":1,"featured_media":7334,"comment_status":"closed","ping_status":"closed","sticky":false,"template":"","format":"standard","meta":{"footnotes":""},"categories":[7],"tags":[],"class_list":["post-7333","post","type-post","status-publish","format-standard","has-post-thumbnail","hentry","category-ecologicas"],"_links":{"self":[{"href":"https:\/\/sertv.gob.pa\/crisolfm\/wp-json\/wp\/v2\/posts\/7333","targetHints":{"allow":["GET"]}}],"collection":[{"href":"https:\/\/sertv.gob.pa\/crisolfm\/wp-json\/wp\/v2\/posts"}],"about":[{"href":"https:\/\/sertv.gob.pa\/crisolfm\/wp-json\/wp\/v2\/types\/post"}],"author":[{"embeddable":true,"href":"https:\/\/sertv.gob.pa\/crisolfm\/wp-json\/wp\/v2\/users\/1"}],"replies":[{"embeddable":true,"href":"https:\/\/sertv.gob.pa\/crisolfm\/wp-json\/wp\/v2\/comments?post=7333"}],"version-history":[{"count":0,"href":"https:\/\/sertv.gob.pa\/crisolfm\/wp-json\/wp\/v2\/posts\/7333\/revisions"}],"wp:featuredmedia":[{"embeddable":true,"href":"https:\/\/sertv.gob.pa\/crisolfm\/wp-json\/wp\/v2\/media\/7334"}],"wp:attachment":[{"href":"https:\/\/sertv.gob.pa\/crisolfm\/wp-json\/wp\/v2\/media?parent=7333"}],"wp:term":[{"taxonomy":"category","embeddable":true,"href":"https:\/\/sertv.gob.pa\/crisolfm\/wp-json\/wp\/v2\/categories?post=7333"},{"taxonomy":"post_tag","embeddable":true,"href":"https:\/\/sertv.gob.pa\/crisolfm\/wp-json\/wp\/v2\/tags?post=7333"}],"curies":[{"name":"wp","href":"https:\/\/api.w.org\/{rel}","templated":true}]}}