{"id":7351,"date":"2017-01-30T18:13:28","date_gmt":"2017-01-30T18:13:28","guid":{"rendered":""},"modified":"2017-01-30T18:13:28","modified_gmt":"2017-01-30T18:13:28","slug":"lamentable-cifra-de-bosques-nativos-destruidos-y-que-estaban-protegidos","status":"publish","type":"post","link":"https:\/\/sertv.gob.pa\/crisolfm\/lamentable-cifra-de-bosques-nativos-destruidos-y-que-estaban-protegidos\/","title":{"rendered":"Lamentable cifra de bosques nativos destruidos y que estaban protegidos"},"content":{"rendered":"<p>\nSeg\u00fan un relevamiento efectuado por Greenpeace, la deforestaci\u00f3n en las 4 provincias argentinas m\u00e1s afectadas cay\u00f3 un 50% con relaci\u00f3n al promedio anual previo a la sanci\u00f3n de la ley de bosques, pero un tercio de los desmontes se produjo en \u00e1reas protegidas. <\/p>\n<p>Con el 4,3% de la deforestaci\u00f3n mundial, Argentina es uno de los diez m\u00e1s que m\u00e1s desmontaron en los \u00faltimos 25 a\u00f1os: se arrasaron 7,6 millones de hect\u00e1reas de bosques nativos, lo que equivale a la superficie de Entre R\u00edos. <\/p>\n<p>La sanci\u00f3n de la ley de bosques en 2007 mejor\u00f3 el panorama, pero desde su aprobaci\u00f3n hasta fines de 2014 se destruyeron 2,1 millones de hect\u00e1reas, de las cuales el 30% corresponden a zonas protegidas. <\/p>\n<p>Las causas son el avance de la frontera agropecuaria y los incendios. Hay datos esperanzadores, pero a\u00fan hay mucho por mejorar, por ejemplo, que nunca se cumpli\u00f3 con el presupuesto del fondo para la conservaci\u00f3n de los bosques nativos. <\/p>\n<p>En este marco, Greenpeace presentar\u00e1 esta semana su informe anual 2016 sobre deforestaci\u00f3n en las provincias de Santiago del Estero, Formosa, Chaco y Salta, que aglutinan el 80% de la deforestaci\u00f3n nacional. <\/p>\n<p>\u00a0 <\/p>\n<p>\u00a0 <\/p>\n","protected":false},"excerpt":{"rendered":"<p>Seg\u00fan un relevamiento efectuado por Greenpeace, la deforestaci\u00f3n en las <a href=\"https:\/\/sertv.gob.pa\/crisolfm\/lamentable-cifra-de-bosques-nativos-destruidos-y-que-estaban-protegidos\/\"> [&#8230;]<\/a><\/p>\n","protected":false},"author":1,"featured_media":7352,"comment_status":"closed","ping_status":"closed","sticky":false,"template":"","format":"standard","meta":{"footnotes":""},"categories":[7],"tags":[],"class_list":["post-7351","post","type-post","status-publish","format-standard","has-post-thumbnail","hentry","category-ecologicas"],"_links":{"self":[{"href":"https:\/\/sertv.gob.pa\/crisolfm\/wp-json\/wp\/v2\/posts\/7351","targetHints":{"allow":["GET"]}}],"collection":[{"href":"https:\/\/sertv.gob.pa\/crisolfm\/wp-json\/wp\/v2\/posts"}],"about":[{"href":"https:\/\/sertv.gob.pa\/crisolfm\/wp-json\/wp\/v2\/types\/post"}],"author":[{"embeddable":true,"href":"https:\/\/sertv.gob.pa\/crisolfm\/wp-json\/wp\/v2\/users\/1"}],"replies":[{"embeddable":true,"href":"https:\/\/sertv.gob.pa\/crisolfm\/wp-json\/wp\/v2\/comments?post=7351"}],"version-history":[{"count":0,"href":"https:\/\/sertv.gob.pa\/crisolfm\/wp-json\/wp\/v2\/posts\/7351\/revisions"}],"wp:featuredmedia":[{"embeddable":true,"href":"https:\/\/sertv.gob.pa\/crisolfm\/wp-json\/wp\/v2\/media\/7352"}],"wp:attachment":[{"href":"https:\/\/sertv.gob.pa\/crisolfm\/wp-json\/wp\/v2\/media?parent=7351"}],"wp:term":[{"taxonomy":"category","embeddable":true,"href":"https:\/\/sertv.gob.pa\/crisolfm\/wp-json\/wp\/v2\/categories?post=7351"},{"taxonomy":"post_tag","embeddable":true,"href":"https:\/\/sertv.gob.pa\/crisolfm\/wp-json\/wp\/v2\/tags?post=7351"}],"curies":[{"name":"wp","href":"https:\/\/api.w.org\/{rel}","templated":true}]}}