{"id":7357,"date":"2017-01-31T15:14:45","date_gmt":"2017-01-31T15:14:45","guid":{"rendered":""},"modified":"2017-01-31T15:14:45","modified_gmt":"2017-01-31T15:14:45","slug":"beca-michael-jacobs-de-cronica-viajera-la-recibe-diego-cobo","status":"publish","type":"post","link":"https:\/\/sertv.gob.pa\/crisolfm\/beca-michael-jacobs-de-cronica-viajera-la-recibe-diego-cobo\/","title":{"rendered":"Beca Michael Jacobs de cr\u00f3nica viajera la recibe Diego Cobo"},"content":{"rendered":"<p>\nDiego Cobo, periodista espa\u00f1ol, \u00a0gan\u00f3 la Beca Michael Jacobs de cr\u00f3nica viajera 2017 que entregaron por tercera vez la Fundaci\u00f3n Gabriel Garc\u00eda M\u00e1rquez para el Nuevo Periodismo Iberoamericano (FNPI) y la edici\u00f3n colombiana del Hay Festival, informaron \u00a0los organizadores. <\/p>\n<p>El jurado escogi\u00f3 a Cobo por el proyecto \u00abHuellas negras, el rastro de la esclavitud\u00bb, una serie de reportajes acerca de la manera en que se manifiestan las consecuencias que dej\u00f3 el comercio de esclavos en sitios como Gambia, Jamaica o el sur de Estados Unidos, se\u00f1al\u00f3 \u00a0la FNPI en un comunicado. <\/p>\n<p>Gracias a la beca, el periodista espa\u00f1ol recibir\u00e1 5.000 d\u00f3lares con los que podr\u00e1 continuar su trabajo viajando por Cuba y Colombia, a\u00f1adi\u00f3 la informaci\u00f3n. <\/p>\n<p>El ganador igualmente podr\u00e1 disfrutar de una estad\u00eda de seis meses en la localidad espa\u00f1ola de Frailes, comunidad aut\u00f3noma de Andaluc\u00eda (sur), donde Michael Jacobs escribi\u00f3 algunos de sus \u00faltimos libros. <\/p>\n<p>Por su parte, Cobo agradeci\u00f3 a trav\u00e9s de su Twitter a la FNPI el premio y \u00abal jurado por la confianza en el proyecto\u00bb.\u00a0 <\/p>\n","protected":false},"excerpt":{"rendered":"<p>Diego Cobo, periodista espa\u00f1ol, \u00a0gan\u00f3 la Beca Michael Jacobs de <a href=\"https:\/\/sertv.gob.pa\/crisolfm\/beca-michael-jacobs-de-cronica-viajera-la-recibe-diego-cobo\/\"> [&#8230;]<\/a><\/p>\n","protected":false},"author":1,"featured_media":7358,"comment_status":"closed","ping_status":"closed","sticky":false,"template":"","format":"standard","meta":{"footnotes":""},"categories":[6],"tags":[],"class_list":["post-7357","post","type-post","status-publish","format-standard","has-post-thumbnail","hentry","category-culturales"],"_links":{"self":[{"href":"https:\/\/sertv.gob.pa\/crisolfm\/wp-json\/wp\/v2\/posts\/7357","targetHints":{"allow":["GET"]}}],"collection":[{"href":"https:\/\/sertv.gob.pa\/crisolfm\/wp-json\/wp\/v2\/posts"}],"about":[{"href":"https:\/\/sertv.gob.pa\/crisolfm\/wp-json\/wp\/v2\/types\/post"}],"author":[{"embeddable":true,"href":"https:\/\/sertv.gob.pa\/crisolfm\/wp-json\/wp\/v2\/users\/1"}],"replies":[{"embeddable":true,"href":"https:\/\/sertv.gob.pa\/crisolfm\/wp-json\/wp\/v2\/comments?post=7357"}],"version-history":[{"count":0,"href":"https:\/\/sertv.gob.pa\/crisolfm\/wp-json\/wp\/v2\/posts\/7357\/revisions"}],"wp:featuredmedia":[{"embeddable":true,"href":"https:\/\/sertv.gob.pa\/crisolfm\/wp-json\/wp\/v2\/media\/7358"}],"wp:attachment":[{"href":"https:\/\/sertv.gob.pa\/crisolfm\/wp-json\/wp\/v2\/media?parent=7357"}],"wp:term":[{"taxonomy":"category","embeddable":true,"href":"https:\/\/sertv.gob.pa\/crisolfm\/wp-json\/wp\/v2\/categories?post=7357"},{"taxonomy":"post_tag","embeddable":true,"href":"https:\/\/sertv.gob.pa\/crisolfm\/wp-json\/wp\/v2\/tags?post=7357"}],"curies":[{"name":"wp","href":"https:\/\/api.w.org\/{rel}","templated":true}]}}