{"id":7383,"date":"2017-02-02T15:41:08","date_gmt":"2017-02-02T15:41:08","guid":{"rendered":""},"modified":"2017-02-02T15:41:08","modified_gmt":"2017-02-02T15:41:08","slug":"hoy-se-celebra-el-dia-de-los-humedales","status":"publish","type":"post","link":"https:\/\/sertv.gob.pa\/crisolfm\/hoy-se-celebra-el-dia-de-los-humedales\/","title":{"rendered":"Hoy se celebra el d\u00eda de los humedales"},"content":{"rendered":"<p>\nEste jueves 2 de febrero, en el marco de la celebraci\u00f3n del D\u00eda Internacional de los Humedales, Panam\u00e1 acoger\u00e1 el foro internacional &lsquo;Humedales para la reducci\u00f3n del riesgo de desastres naturales&#8217;, informaron los organizadores del evento. <\/p>\n<p>El encuentro, organizado por el Instituto Smithsonian de Investigaciones Tropicales (STRI, por sus siglas en ingl\u00e9s) y el Comit\u00e9 Nacional de Humedales en Panam\u00e1, tiene como prop\u00f3sito crear conciencia sobre la importancia de la conservaci\u00f3n y uso racional de estos ecosistemas para la reducci\u00f3n de riesgos de desastres y lograr el equilibrio del planeta Tierra. <\/p>\n<p>En los \u00faltimos tres siglos, un 87% de los humedales en todo el mundo han sido degradados, revel\u00f3 Wetlands International previo a la 12\u00aa Conferencia de la Convenci\u00f3n sobre los Humedales (Ramsar COP12), en junio de 2015. En ese marco igualmente advirti\u00f3 que el 90% de los desastres son ocasionados por peligros relacionados con el agua, como inundaciones y sequ\u00edas. <\/p>\n<p>La ONG achaca al hombre la destrucci\u00f3n de los humedales costeros, entre ellos los manglares, por el desarrollo de megaurbanizaciones con viviendas de lujo, as\u00ed como el turismo no sostenible. <\/p>\n<p>El organismo indic\u00f3 que los humedales tienen un rol importante en la mitigaci\u00f3n del cambio clim\u00e1tico, ya que ayudan en la adaptaci\u00f3n y reducci\u00f3n de los impactos del cambio clim\u00e1tico, con su capacidad de almacenar y secuestrar carbono, los manglares tienen el papel de desacelerar el calentamiento global y como &lsquo;infraestructura natural&#8217; brindan protecci\u00f3n contra dichos impactos. <\/p>\n<p>En el caso de los humedales de Panam\u00e1, advierte que en los \u00faltimos a\u00f1os han sido y siguen siendo destruidos por la maquinaria pesada, las malas pr\u00e1cticas productivas y por la contaminaci\u00f3n industrial y dom\u00e9stica. <\/p>\n<p>Ante este panorama, representantes del Centro de Incidencia Ambiental y los miembros de la red Panamanglar insisten en &lsquo;no&#8217; bajar la guardia y denunciar cualquier hecho que atente contra los humedales&#8217;. <\/p>\n<p>Por su posici\u00f3n geogr\u00e1fica, forma y extensi\u00f3n, Panam\u00e1 cuenta con 39 humedales, seg\u00fan el Inventario de los Humedales Continentales y Costeros de Panam\u00e1 de \u00a0la Autoridad Nacional del Ambiente (ANAM) ahora Ministerio de Ambiente. <\/p>\n<p>De ellos 5 son de importancia internacional (Sitios Ramsar): Bah\u00eda de Panam\u00e1, Golfo de Montijo, Damani-Guariviara, Punta Pati\u00f1o y San San Pond Sak. <\/p>\n<p>\u00a0 <\/p>\n","protected":false},"excerpt":{"rendered":"<p>Este jueves 2 de febrero, en el marco de la <a href=\"https:\/\/sertv.gob.pa\/crisolfm\/hoy-se-celebra-el-dia-de-los-humedales\/\"> [&#8230;]<\/a><\/p>\n","protected":false},"author":1,"featured_media":7384,"comment_status":"closed","ping_status":"closed","sticky":false,"template":"","format":"standard","meta":{"footnotes":""},"categories":[7],"tags":[],"class_list":["post-7383","post","type-post","status-publish","format-standard","has-post-thumbnail","hentry","category-ecologicas"],"_links":{"self":[{"href":"https:\/\/sertv.gob.pa\/crisolfm\/wp-json\/wp\/v2\/posts\/7383","targetHints":{"allow":["GET"]}}],"collection":[{"href":"https:\/\/sertv.gob.pa\/crisolfm\/wp-json\/wp\/v2\/posts"}],"about":[{"href":"https:\/\/sertv.gob.pa\/crisolfm\/wp-json\/wp\/v2\/types\/post"}],"author":[{"embeddable":true,"href":"https:\/\/sertv.gob.pa\/crisolfm\/wp-json\/wp\/v2\/users\/1"}],"replies":[{"embeddable":true,"href":"https:\/\/sertv.gob.pa\/crisolfm\/wp-json\/wp\/v2\/comments?post=7383"}],"version-history":[{"count":0,"href":"https:\/\/sertv.gob.pa\/crisolfm\/wp-json\/wp\/v2\/posts\/7383\/revisions"}],"wp:featuredmedia":[{"embeddable":true,"href":"https:\/\/sertv.gob.pa\/crisolfm\/wp-json\/wp\/v2\/media\/7384"}],"wp:attachment":[{"href":"https:\/\/sertv.gob.pa\/crisolfm\/wp-json\/wp\/v2\/media?parent=7383"}],"wp:term":[{"taxonomy":"category","embeddable":true,"href":"https:\/\/sertv.gob.pa\/crisolfm\/wp-json\/wp\/v2\/categories?post=7383"},{"taxonomy":"post_tag","embeddable":true,"href":"https:\/\/sertv.gob.pa\/crisolfm\/wp-json\/wp\/v2\/tags?post=7383"}],"curies":[{"name":"wp","href":"https:\/\/api.w.org\/{rel}","templated":true}]}}