{"id":7407,"date":"2017-02-06T14:06:15","date_gmt":"2017-02-06T14:06:15","guid":{"rendered":""},"modified":"2017-02-06T14:06:15","modified_gmt":"2017-02-06T14:06:15","slug":"colombia-sacudida-hoy-por-sismo-de-magnitud-5-7","status":"publish","type":"post","link":"https:\/\/sertv.gob.pa\/crisolfm\/colombia-sacudida-hoy-por-sismo-de-magnitud-5-7\/","title":{"rendered":"Colombia sacudida hoy por sismo de magnitud 5,7"},"content":{"rendered":"<p>\nLa ma\u00f1ana de este lunes un sismo de magnitud 5,7 en la escala de Richter sacudi\u00f3 Colombia, seg\u00fan informaciones de la Red Sismol\u00f3gica Nacional. <\/p>\n<p>Seg\u00fan los reportes el movimiento tel\u00farico no ocasion\u00f3 da\u00f1os materiales o personales. <\/p>\n<p>El fuerte temblor de aproximadamente 5 segundos de duraci\u00f3n \u00a0tuvo su epicentro a 5 kil\u00f3metros de Huilla. Igualmente se sinti\u00f3 en Bogot\u00e1. <\/p>\n<p>El temblor fue superficial, lo que se supone una profundidad inferior a los 30 kil\u00f3metros. <\/p>\n<p>\u00a0 <\/p>\n","protected":false},"excerpt":{"rendered":"<p>La ma\u00f1ana de este lunes un sismo de magnitud 5,7 <a href=\"https:\/\/sertv.gob.pa\/crisolfm\/colombia-sacudida-hoy-por-sismo-de-magnitud-5-7\/\"> [&#8230;]<\/a><\/p>\n","protected":false},"author":1,"featured_media":7408,"comment_status":"closed","ping_status":"closed","sticky":false,"template":"","format":"standard","meta":{"footnotes":""},"categories":[7],"tags":[],"class_list":["post-7407","post","type-post","status-publish","format-standard","has-post-thumbnail","hentry","category-ecologicas"],"_links":{"self":[{"href":"https:\/\/sertv.gob.pa\/crisolfm\/wp-json\/wp\/v2\/posts\/7407","targetHints":{"allow":["GET"]}}],"collection":[{"href":"https:\/\/sertv.gob.pa\/crisolfm\/wp-json\/wp\/v2\/posts"}],"about":[{"href":"https:\/\/sertv.gob.pa\/crisolfm\/wp-json\/wp\/v2\/types\/post"}],"author":[{"embeddable":true,"href":"https:\/\/sertv.gob.pa\/crisolfm\/wp-json\/wp\/v2\/users\/1"}],"replies":[{"embeddable":true,"href":"https:\/\/sertv.gob.pa\/crisolfm\/wp-json\/wp\/v2\/comments?post=7407"}],"version-history":[{"count":0,"href":"https:\/\/sertv.gob.pa\/crisolfm\/wp-json\/wp\/v2\/posts\/7407\/revisions"}],"wp:featuredmedia":[{"embeddable":true,"href":"https:\/\/sertv.gob.pa\/crisolfm\/wp-json\/wp\/v2\/media\/7408"}],"wp:attachment":[{"href":"https:\/\/sertv.gob.pa\/crisolfm\/wp-json\/wp\/v2\/media?parent=7407"}],"wp:term":[{"taxonomy":"category","embeddable":true,"href":"https:\/\/sertv.gob.pa\/crisolfm\/wp-json\/wp\/v2\/categories?post=7407"},{"taxonomy":"post_tag","embeddable":true,"href":"https:\/\/sertv.gob.pa\/crisolfm\/wp-json\/wp\/v2\/tags?post=7407"}],"curies":[{"name":"wp","href":"https:\/\/api.w.org\/{rel}","templated":true}]}}